{"id":940,"date":"2019-03-02T16:41:02","date_gmt":"2019-03-02T16:41:02","guid":{"rendered":"http:\/\/www.zitlaudatosi.cz\/?p=940"},"modified":"2019-11-25T15:31:46","modified_gmt":"2019-11-25T15:31:46","slug":"klimaticka-zmena-povede-k-narustu-agresivity","status":"publish","type":"post","link":"https:\/\/www.zitlaudatosi.cz\/index.php\/2019\/03\/02\/klimaticka-zmena-povede-k-narustu-agresivity\/","title":{"rendered":"Klimatick\u00e1 zm\u011bna povede k n\u00e1r\u016fstu agresivity"},"content":{"rendered":"<p>[et_pb_section fb_built=&#8220;1&#8243; _builder_version=&#8220;3.0.47&#8243; custom_padding=&#8220;0|0px|48px|0px|false|false&#8220;][et_pb_row _builder_version=&#8220;3.0.48&#8243; background_size=&#8220;initial&#8220; background_position=&#8220;top_left&#8220; background_repeat=&#8220;repeat&#8220; custom_padding=&#8220;24px|0px|24px|0px|false|false&#8220;][et_pb_column type=&#8220;4_4&#8243; _builder_version=&#8220;3.0.47&#8243;][et_pb_text _builder_version=&#8220;3.15&#8243;]<span style=\"font-size: 18pt;\"><strong><span style=\"margin: 0px; line-height: 115%; font-family: 'Arial','sans-serif';\"><span style=\"color: #000000;\">Klimatick\u00e1 zm\u011bna povede k\u00a0n\u00e1r\u016fstu lidsk\u00e9 agresivity<\/span><\/span><\/strong><\/span><br \/>\n[\/et_pb_text][\/et_pb_column][\/et_pb_row][et_pb_row _builder_version=&#8220;3.0.48&#8243; background_size=&#8220;initial&#8220; background_position=&#8220;top_left&#8220; background_repeat=&#8220;repeat&#8220;][et_pb_column type=&#8220;3_4&#8243; _builder_version=&#8220;3.0.47&#8243;][et_pb_image src=&#8220;https:\/\/www.zitlaudatosi.cz\/wp-content\/uploads\/2019\/03\/FridaysForFuture.jpg&#8220; force_fullwidth=&#8220;on&#8220; _builder_version=&#8220;3.15&#8243;][\/et_pb_image][et_pb_code text_orientation=&#8220;center&#8220;]Studenti vyjad\u0159uj\u00ed obavu o svou budoucnost, Kassel, 1. \u00fanora 2019[\/et_pb_code][\/et_pb_column][et_pb_column type=&#8220;1_4&#8243; _builder_version=&#8220;3.0.47&#8243;][et_pb_text _builder_version=&#8220;3.15&#8243;]<span style=\"font-size: small;\"><b><span style=\"margin: 0px; font-family: 'Arial','sans-serif';\"><span style=\"color: #000000;\">Glob\u00e1ln\u00ed oteplov\u00e1n\u00ed bude pravd\u011bpodobn\u011b doprov\u00e1zeno\u00a0n\u00e1r\u016fstem lidsk\u00e9 vzn\u011btlivosti. Klimatick\u00e1 zm\u011bna spolu s\u00a0p\u0159\u00edrodn\u00edmi katastrofami zp\u016fsob\u00ed nedostatek potravy a\u00a0vody, o n\u011b\u017e budou lid\u00e9 bojovat. Tyt\u00e9\u017e p\u0159\u00edrodn\u00ed katastrofy povedou k\u00a0tomu, \u017ee p\u0159\u00ed\u0161t\u00ed generace budou dosp\u00edvat v\u00a0nedostatku a nejistot\u011b a budou se sn\u00e1ze\u00a0dopou\u0161t\u011bt n\u00e1sil\u00ed.<\/span><\/span><\/b><\/span><b><\/b><br \/>\n[\/et_pb_text][\/et_pb_column][\/et_pb_row][et_pb_row _builder_version=&#8220;3.0.48&#8243; background_size=&#8220;initial&#8220; background_position=&#8220;top_left&#8220; background_repeat=&#8220;repeat&#8220;][et_pb_column type=&#8220;4_4&#8243; _builder_version=&#8220;3.0.47&#8243;][et_pb_text _builder_version=&#8220;3.15&#8243;]<\/p>\n<p><span style=\"margin: 0px; font-family: '&amp;quot','serif'; font-size: 16.5pt;\"><span style=\"color: #000000;\">Klimatick\u00e9 podm\u00ednky se rychle m\u011bn\u00ed<\/span><\/span><\/p>\n<p><span style=\"color: #000000;\"><span style=\"margin: 0px; font-family: 'Times New Roman','serif'; font-size: 12pt;\"><span style=\"margin: 0px; color: black; line-height: 115%; font-family: 'Times New Roman','serif'; font-size: 12pt;\">Podle autor\u016f studie nazvan\u00e9 \u201e<a href=\"https:\/\/link.springer.com\/article\/10.1007%2Fs40641-019-00121-2?utm_medium=affiliate&amp;utm_source=commission_junction&amp;utm_campaign=3_nsn6445_brand_PID4003003&amp;utm_content=de_textlink\">Klimatick\u00e1 zm\u011bna a psychologie: \u00da\u010dinky rychl\u00e9ho glob\u00e1ln\u00edho oteplov\u00e1n\u00ed na n\u00e1sil\u00ed a\u00a0agresivitu<\/a>\u201c, kter\u00e1 vy\u0161la 31. ledna 2019 v\u00a0\u010dasopise Current Climate Change Reports, povede klimatick\u00e1 zm\u011bna k\u00a0n\u00e1r\u016fstu lidsk\u00e9 agresivity a po\u010dtu v\u00e1le\u010dn\u00fdch konflikt\u016f.<\/span> Auto\u0159i vyu\u017e\u00edvaj\u00ed dlouhou \u0159adu studi\u00ed, kter\u00e9 se ji\u017e vztah\u016fm mezi klimatickou zm\u011bnou a konfliktem v\u011bnovaly, a o\u010dek\u00e1vaj\u00ed n\u00e1r\u016fst ob\u010dansk\u00fdch nepokoj\u016f a\u00a0v\u00e1le\u010dn\u00fdch konflikt\u016f. N\u011bkter\u00e9 pravd\u011bpodobn\u011b rozdm\u00fdchaj\u00ed klimati\u010dt\u00ed uprchl\u00edci, neboli ekologi\u010dt\u00ed migranti, tj.\u00a0lid\u00e9, kte\u0159\u00ed byli klimatickou zm\u011bnou donuceni opustit sv\u00e9 domovy. Trval\u00fd n\u00e1r\u016fst sv\u011btov\u00fdch teplot by tak\u00e9 mohl vytv\u00e1\u0159et p\u0159\u00edzniv\u011bj\u0161\u00ed podm\u00ednky pro glob\u00e1ln\u00ed terorismus<\/span><span style=\"margin: 0px; font-family: 'Times New Roman','serif'; font-size: 12pt;\">.<\/span><\/span><\/p>\n<p><span style=\"margin: 0px; font-family: 'Times New Roman','serif'; font-size: 12pt;\"><span style=\"color: #000000;\">\u201eJe to glob\u00e1ln\u00ed probl\u00e9m s\u00a0velmi v\u00e1\u017en\u00fdmi d\u016fsledky a mus\u00edme ji\u017e nyn\u00ed pl\u00e1novat zp\u016fsoby, jak negativn\u00ed d\u016fsledky omezit,\u201c \u0159ekl Craig Anderson, psycholog z\u00a0Iowa State University v\u00a0USA. \u201eP\u0159i nedostate\u010dn\u00fdch z\u00e1sob\u00e1ch potravy a ekonomick\u00e9 nerovnosti je obt\u00ed\u017en\u00e9 vychov\u00e1vat zdrav\u00e9 a produktivn\u00ed ob\u010dany, co\u017e je jeden ze zp\u016fsob\u016f jak dlouhodob\u011b omezit n\u00e1sil\u00ed. Je tak\u00e9 pot\u0159eba po\u010d\u00edtat v\u00a0rozpo\u010dtu s\u00a0pomoc\u00ed pro eko-migranty p\u0159i st\u011bhov\u00e1n\u00ed do nov\u00fdch zem\u00ed.\u201c <\/span><\/span><\/p>\n<p><span style=\"margin: 0px; font-family: 'Times New Roman','serif'; font-size: 12pt;\"><span style=\"color: #000000;\">Jin\u00e9 v\u00fdzkumn\u00e9 t\u00fdmy prok\u00e1zaly <a href=\"https:\/\/climatenewsnetwork.net\/scientists-link-conflict-and-climate-change\/\">souvislost rostouc\u00edch m\u011bstsk\u00fdch teplot s n\u00e1r\u016fstem mezilidsk\u00fdch konflikt\u016f<\/a> a\u00a0tak\u00e9 <a href=\"https:\/\/climatenewsnetwork.net\/suicide-risk-may-rise-as-severe-heat-grows\/\">s\u00a0rostouc\u00edm po\u010dtem sebevra\u017ed<\/a>. N\u011bkter\u00e9 t\u00fdmy poukazuj\u00ed na souvislosti mezi suchem, konflikty a\u00a0<a href=\"https:\/\/climatenewsnetwork.net\/drought-and-conflict-can-spur-climate-refugees\/\">p\u0159\u00edlivem klimatick\u00fdch uprchl\u00edk\u016f<\/a>. Jin\u00e9 skupiny opakovan\u011b poukazovaly na to, \u017ee po\u010det lid\u00ed, kte\u0159\u00ed jsou vyh\u00e1n\u011bni ze sv\u00fdch domov\u016f suchem, z\u00e1plavami a ni\u010div\u00fdmi hurik\u00e1ny <a href=\"https:\/\/climatenewsnetwork.net\/climate-refugees-may-reach-many-millions-by-2050\/\">b\u011bhem jedn\u00e9 generace dramaticky vzroste<\/a>.<\/span><\/span><\/p>\n<p><span style=\"margin: 0px; font-family: '&amp;quot','serif'; font-size: 16.5pt;\"><span style=\"color: #000000;\">Je p\u0159\u00edm\u00fd vztah mezi teplotou a zlo\u010dinnost\u00ed<\/span><\/span><\/p>\n<p><span style=\"color: #000000;\"><span style=\"margin: 0px; font-family: 'Times New Roman','serif'; font-size: 12pt;\">Profesor Anderson a jeho spoluautor p\u0159ezkoumali literaturu o teplot\u011b a n\u00e1sil\u00ed a na\u0161li p\u0159\u00edmou souvislost mezi rostouc\u00ed teplotou a rostouc\u00edm nep\u0159\u00e1telstv\u00edm. Jeden experiment zjistil, \u017ee policist\u00e9, kte\u0159\u00ed se setkali s\u00a0podez\u0159el\u00fdm z\u00a0loupe\u017ee, p\u0159i vy\u0161\u0161\u00ed teplot\u011b sp\u00ed\u0161e vyt\u00e1hli pistoli a spustili palbu. Jin\u00e1 studie porovnala teploty s\u00a0\u00farovn\u00ed n\u00e1sil\u00ed v\u00a0\u0161edes\u00e1ti r\u016fzn\u00fdch zem\u00edch a zjistila, \u017ee za ka\u017ed\u00fd jeden stupe\u0148 n\u00e1r\u016fstu teploty v\u00a0d\u016fsledku klimatick\u00e9 zm\u011bny by po\u010det zabit\u00ed mohl vzr\u016fst o 6%. Porovn\u00e1n\u00ed zpr\u00e1v o kriminalit\u011b a o po\u010das\u00ed z\u00a059 let potvrdilo, \u017ee zlo\u010dinnost v\u00a0teplej\u0161\u00edch letech<\/span> <span style=\"margin: 0px; font-family: 'Times New Roman','serif'; font-size: 12pt;\">stoupla v\u00a0pades\u00e1ti t\u0159ech p\u0159\u00edpadech z\u00a0t\u011bch pades\u00e1ti p\u011bti, pro n\u011b\u017e byla sez\u00f3n\u00ed data k\u00a0dispozici. Zjistili tak\u00e9, \u017ee potravinov\u00e1 nejistota a \u0161patn\u00e1 v\u00fd\u017eiva p\u0159ed porodem a po n\u011bm souvis\u00ed s\u00a0n\u00e1siln\u00fdm a agresivn\u00edm chov\u00e1n\u00edm v\u00a0pozd\u011bj\u0161\u00edch letech. A pov\u0161imli si nebezpe\u010d\u00ed st\u0159et\u016f, kdy\u017e jsou migranti hn\u00e1ni p\u0159es hranice a lid\u00e9 na \u00fat\u011bku jsou napad\u00e1ni m\u00edstn\u00edmi obyvateli.<\/span> <\/span><\/p>\n<p><span style=\"margin: 0px; font-family: '&amp;quot','serif'; font-size: 16.5pt;\"><span style=\"color: #000000;\">Zm\u011bny nejh\u016f\u0159e dopadaj\u00ed na ty nejchud\u0161\u00ed <\/span><\/span><\/p>\n<p><span style=\"margin: 0px; font-family: 'Times New Roman','serif'; font-size: 12pt;\"><span style=\"color: #000000;\">\u201eN\u00e1znak toho, jak m\u016f\u017ee vypadat budoucnost p\u0159i rychle postupuj\u00edc\u00ed klimatick\u00e9 zm\u011bn\u011b, n\u00e1m m\u016f\u017ee poskytnout S\u00fdrie,\u201c p\u00ed\u0161\u00ed auto\u0159i citovan\u00e9 studie. \u201ePo\u010das\u00ed je \u010d\u00edm d\u00e1l drsn\u011bj\u0161\u00ed a zem\u011b upadaj\u00ed do ekonomick\u00e9 a ob\u010dansk\u00e9 krize.\u201c A <a href=\"https:\/\/climatenewsnetwork.net\/24161-2\/\">ti, kdo jsou ji\u017e nyn\u00ed znev\u00fdhodn\u011bni<\/a>, zakus\u00ed podle nich dispropor\u010dn\u00ed mno\u017estv\u00ed \u0161kodliv\u00fdch d\u016fsledk\u016f prudk\u00e9 klimatick\u00e9 zm\u011bny, kter\u00e9 pravd\u011bpodobn\u011b \u201evytvo\u0159\u00ed \u017eivnou p\u016fdu pro novou teroristickou (\u010di gangovou) \u010dinnost, celosv\u011btov\u011b omezenou dostupnost zdroj\u016f a zapojen\u00ed rozvinut\u00fdch zem\u00ed do v\u00e1lek mal\u00e9ho rozsahu, kter\u00e9 budou vypukat v\u0161ude po sv\u011bt\u011b.\u201c Rozvinut\u00e9 zem\u011b ale podle nich mohou t\u00e9to situaci p\u0159edch\u00e1zet. To by vy\u017eadovalo p\u0159edev\u0161\u00edm z\u00e1sadn\u00ed <a href=\"https:\/\/climatenewsnetwork.net\/23308-2\/\">zm\u011bny v\u00a0reakci na uprchlickou krizi<\/a>. \u201eMus\u00ed se zm\u011bnit p\u0159edstava, kterou obyvatel\u00e9 bohat\u0161\u00edch zem\u00ed maj\u00ed o uprchl\u00edc\u00edch,\u201c \u0159\u00edk\u00e1 profesor Anderson, \u201eod n\u00e1zoru, \u017ee p\u0159edstavuj\u00ed hrozbu, k\u00a0p\u0159\u00edstupu, kter\u00fd zd\u016fraz\u0148uje humanit\u00e1rn\u00ed hodnoty a p\u0159\u00ednos, kter\u00fd uprchl\u00edci p\u0159edstavuj\u00ed pro spole\u010denstv\u00ed, kter\u00e9 je uv\u00edt\u00e1.\u201c<\/span><\/span><\/p>\n<p><span style=\"margin: 0px; font-family: '&amp;quot','serif'; font-size: 11.5pt;\"><span style=\"color: #000000;\">\u00a0<\/span><\/span><\/p>\n<p><span style=\"color: #000000;\"><span style=\"margin: 0px; font-family: 'Times New Roman','serif'; font-size: 11.5pt;\">Zdroj: <\/span><a href=\"https:\/\/climatenewsnetwork.net\/climate-change-stokes-mayhem-in-several-ways\"><span style=\"margin: 0px; font-family: 'Times New Roman','serif';\">https:\/\/climatenewsnetwork.net\/climate-change-stokes-mayhem-in-several-ways<\/span><\/a><\/span><\/p>\n<p>[\/et_pb_text][\/et_pb_column][\/et_pb_row][\/et_pb_section]<\/p>\n","protected":false},"excerpt":{"rendered":"<p>Klimatick\u00e1 zm\u011bna povede k\u00a0n\u00e1r\u016fstu lidsk\u00e9 agresivity Glob\u00e1ln\u00ed oteplov\u00e1n\u00ed bude pravd\u011bpodobn\u011b doprov\u00e1zeno\u00a0n\u00e1r\u016fstem lidsk\u00e9 vzn\u011btlivosti. Klimatick\u00e1 zm\u011bna spolu s\u00a0p\u0159\u00edrodn\u00edmi katastrofami zp\u016fsob\u00ed nedostatek potravy a\u00a0vody, o n\u011b\u017e budou lid\u00e9 bojovat. Tyt\u00e9\u017e p\u0159\u00edrodn\u00ed katastrofy povedou k\u00a0tomu, \u017ee p\u0159\u00ed\u0161t\u00ed generace budou dosp\u00edvat v\u00a0nedostatku a nejistot\u011b a budou se sn\u00e1ze\u00a0dopou\u0161t\u011bt n\u00e1sil\u00ed. Klimatick\u00e9 podm\u00ednky se rychle m\u011bn\u00ed Podle autor\u016f studie nazvan\u00e9 \u201eKlimatick\u00e1 [&hellip;]<\/p>\n","protected":false},"author":1,"featured_media":941,"comment_status":"closed","ping_status":"closed","sticky":false,"template":"","format":"standard","meta":{"_et_pb_use_builder":"on","_et_pb_old_content":"","_et_gb_content_width":""},"categories":[5,14],"tags":[],"_links":{"self":[{"href":"https:\/\/www.zitlaudatosi.cz\/index.php\/wp-json\/wp\/v2\/posts\/940"}],"collection":[{"href":"https:\/\/www.zitlaudatosi.cz\/index.php\/wp-json\/wp\/v2\/posts"}],"about":[{"href":"https:\/\/www.zitlaudatosi.cz\/index.php\/wp-json\/wp\/v2\/types\/post"}],"author":[{"embeddable":true,"href":"https:\/\/www.zitlaudatosi.cz\/index.php\/wp-json\/wp\/v2\/users\/1"}],"replies":[{"embeddable":true,"href":"https:\/\/www.zitlaudatosi.cz\/index.php\/wp-json\/wp\/v2\/comments?post=940"}],"version-history":[{"count":13,"href":"https:\/\/www.zitlaudatosi.cz\/index.php\/wp-json\/wp\/v2\/posts\/940\/revisions"}],"predecessor-version":[{"id":1479,"href":"https:\/\/www.zitlaudatosi.cz\/index.php\/wp-json\/wp\/v2\/posts\/940\/revisions\/1479"}],"wp:featuredmedia":[{"embeddable":true,"href":"https:\/\/www.zitlaudatosi.cz\/index.php\/wp-json\/wp\/v2\/media\/941"}],"wp:attachment":[{"href":"https:\/\/www.zitlaudatosi.cz\/index.php\/wp-json\/wp\/v2\/media?parent=940"}],"wp:term":[{"taxonomy":"category","embeddable":true,"href":"https:\/\/www.zitlaudatosi.cz\/index.php\/wp-json\/wp\/v2\/categories?post=940"},{"taxonomy":"post_tag","embeddable":true,"href":"https:\/\/www.zitlaudatosi.cz\/index.php\/wp-json\/wp\/v2\/tags?post=940"}],"curies":[{"name":"wp","href":"https:\/\/api.w.org\/{rel}","templated":true}]}}