{"id":577,"date":"2019-01-07T12:46:15","date_gmt":"2019-01-07T12:46:15","guid":{"rendered":"http:\/\/www.zitlaudatosi.cz\/?p=577"},"modified":"2019-11-25T15:34:44","modified_gmt":"2019-11-25T15:34:44","slug":"brazilske-domorode-hnuti-se-pripravuje-k-obrane","status":"publish","type":"post","link":"https:\/\/www.zitlaudatosi.cz\/index.php\/2019\/01\/07\/brazilske-domorode-hnuti-se-pripravuje-k-obrane\/","title":{"rendered":"Brazilsk\u00e9 domorod\u00e9 hnut\u00ed se p\u0159ipravuje k obran\u011b"},"content":{"rendered":"<p>[et_pb_section fb_built=&#8220;1&#8243; _builder_version=&#8220;3.0.47&#8243; custom_padding=&#8220;0|0px|48px|0px|false|false&#8220;][et_pb_row _builder_version=&#8220;3.0.48&#8243; background_size=&#8220;initial&#8220; background_position=&#8220;top_left&#8220; background_repeat=&#8220;repeat&#8220;][et_pb_column type=&#8220;4_4&#8243; _builder_version=&#8220;3.0.47&#8243;][et_pb_text _builder_version=&#8220;3.15&#8243;]<span style=\"font-size: 18pt;\"><strong><span style=\"margin: 0px; color: black; line-height: 115%; font-family: 'Arial','sans-serif';\">Brazilsk\u00e1 domorod\u00e1 hnut\u00ed se p\u0159ipravuj\u00ed k obran\u011b<\/span><\/strong><\/span><br \/>\n[\/et_pb_text][\/et_pb_column][\/et_pb_row][et_pb_row _builder_version=&#8220;3.0.48&#8243; background_size=&#8220;initial&#8220; background_position=&#8220;top_left&#8220; background_repeat=&#8220;repeat&#8220;][et_pb_column type=&#8220;3_5&#8243; _builder_version=&#8220;3.0.47&#8243;][et_pb_image src=&#8220;https:\/\/www.zitlaudatosi.cz\/wp-content\/uploads\/2019\/01\/2019-01-01-indigeneous-movements.jpg&#8220; _builder_version=&#8220;3.15&#8243;][\/et_pb_image][\/et_pb_column][et_pb_column type=&#8220;2_5&#8243; _builder_version=&#8220;3.0.47&#8243;][et_pb_text _builder_version=&#8220;3.15&#8243;]<span style=\"margin: 0px; color: black; line-height: 115%; font-family: 'Arial','sans-serif'; font-size: 13pt;\">Brazilsk\u00e1 soci\u00e1ln\u00ed hnut\u00ed se p\u0159ipravuj\u00ed na poru\u0161ov\u00e1n\u00ed lidsk\u00fdch pr\u00e1v a \u00fatok na ochranu \u017eivotn\u00edho prost\u0159ed\u00ed. Prezident Bolsonaro od sv\u00e9 inaugurace spustil front\u00e1ln\u00ed \u00fatok na lidsk\u00e1 pr\u00e1va, kter\u00fd je p\u0159edzv\u011bst\u00ed protivenstv\u00ed, jim\u017e budou muset v\u00a0nadch\u00e1zej\u00edc\u00edch letech \u010delit men\u0161inov\u00e9 skupiny v\u00a0Braz\u00edlii a jejich obh\u00e1jci.<\/span><br \/>\n[\/et_pb_text][\/et_pb_column][\/et_pb_row][et_pb_row _builder_version=&#8220;3.0.48&#8243; background_size=&#8220;initial&#8220; background_position=&#8220;top_left&#8220; background_repeat=&#8220;repeat&#8220;][et_pb_column type=&#8220;4_4&#8243; _builder_version=&#8220;3.0.47&#8243;][et_pb_text _builder_version=&#8220;3.15&#8243;]<b><span style=\"margin: 0px; color: black; font-family: '&amp;quot','serif'; font-size: 16.5pt;\">Bolsonarova vl\u00e1da se chyst\u00e1 za\u00fato\u010dit proti socio-evironment\u00e1ln\u00ed ochran\u011b<\/span><\/b><\/p>\n<p><span style=\"margin: 0px; color: #121212; font-family: 'Georgia','serif'; font-size: 12.5pt;\">Prezident Bolsonaro zah\u00e1jil svoje funk\u010dn\u00ed obdob\u00ed t\u00edm, \u017ee vydal na\u0159\u00edzen\u00ed, j\u00edm\u017e zbavil domorodou agenturu FUNAI pr\u00e1va vyhla\u0161ovat domorod\u00e1 teritoria a p\u0159enesl ho na Ministerstvo zem\u011bd\u011blstv\u00ed. T\u00edm s\u00a0kone\u010dnou platnost\u00ed ochromil ochrann\u00e9 vymezov\u00e1n\u00ed domorod\u00e9 p\u016fdy a zah\u00e1jil proces, j\u00edm\u017e zem\u011bd\u011blsk\u00fd a t\u011b\u017eebn\u00ed pr\u016fmysl z\u00edsk\u00e1 p\u0159\u00edstup k\u00a0domorod\u00fdm teritori\u00edm. Na\u0159\u00edzen\u00ed tak\u00e9 umo\u017en\u00ed Bolsonarov\u011b vl\u00e1d\u011b zastra\u0161ovat brazilsk\u00e9 a mezin\u00e1rodn\u00ed organizace, kter\u00e9 se sna\u017e\u00ed h\u00e1jit v Braz\u00edlii lidsk\u00e1 pr\u00e1va a chr\u00e1nit \u017eivotn\u00ed prost\u0159ed\u00ed, proto\u017ee tvrd\u00ed, \u017ee za manipulov\u00e1n\u00ed a vyko\u0159is\u0165ov\u00e1n\u00ed domorod\u00fdch n\u00e1rod\u016f nesou odpov\u011bdnost nevl\u00e1dn\u00ed organizace. To je v\u00fdstrahou pro brazilsk\u00e1 soci\u00e1ln\u00ed hnut\u00ed a hrozbou pro nenahraditeln\u00e9 ekosyst\u00e9my, kter\u00e9 se sna\u017e\u00ed chr\u00e1nit. Zvl\u00e1\u0161\u0165 to plat\u00ed pro\u00a0amazonsk\u00fd de\u0161tn\u00fd prales, kde Bolsonarova vl\u00e1da hodl\u00e1 rozpoutat \u00fatok proti socio-environment\u00e1ln\u00ed ochran\u011b, k\u00a0jak\u00e9mu v\u00a0Braz\u00edlii od obnoven\u00ed demokracie nedo\u0161lo \u2013 s\u00a0hroziv\u00fdmi d\u016fsledky pro budoucnost tohoto kriticky d\u016fle\u017eit\u00e9ho regionu a glob\u00e1ln\u00ed klimatickou stabilitu.<\/span><\/p>\n<p><b><span style=\"margin: 0px; color: black; font-family: '&amp;quot','serif'; font-size: 16.5pt;\">Zem\u011bd\u011blsk\u00fd a t\u011b\u017eebn\u00ed pr\u016fmysl dostane p\u0159\u00edstup k\u00a0chr\u00e1n\u011bn\u00fdm oblastem<\/span><\/b><\/p>\n<p><span style=\"margin: 0px; color: #121212; font-family: 'Georgia','serif'; font-size: 12.5pt;\">Od sv\u00e9ho zvolen\u00ed v\u00a0\u0159\u00edjnu 2018 se Bolsonaro ve\u0159ejn\u011b vyjad\u0159uje v tom smyslu, \u017ee domorod\u00ed lid\u00e9 jsou \u201ezv\u00ed\u0159ata v zoo\u201c a m\u011bli by usilovat, aby se stali \u201elidmi, jako jsme my,\u201c t\u00edm, \u017ee opust\u00ed sv\u00e1 \u00fazem\u00ed a zp\u016fsob \u017eivota. T\u00edm p\u0159ipravuje p\u016fdu pro sv\u016fj z\u00e1m\u011br, j\u00edm\u017e je prom\u011bnit chr\u00e1n\u011bn\u00e1 domorod\u00e1 \u00fazem\u00ed ve zbo\u017e\u00ed, kter\u00e9 bude moci b\u00fdt zu\u017eitkov\u00e1no na voln\u00e9m trhu. Tvrd\u00ed, \u017ee domorod\u00e1 \u00fazem\u00ed p\u0159edstavuj\u00ed p\u0159ek\u00e1\u017eku pro rozvoj Braz\u00edlie. O domorod\u00e9m \u00fazem\u00ed <i>Raposa Serra do Sol<\/i> ve st\u00e1t\u011b Roraima, kter\u00e9 je bohat\u00e9 na nerostn\u00e9 zdroje, \u0159ekl: \u201eJe to nejbohat\u0161\u00ed \u00fazem\u00ed na sv\u011bt\u011b. Je pot\u0159eba ho racion\u00e1ln\u011b vyu\u017e\u00edt. A to spolu s\u00a0indi\u00e1ny, d\u00e1t jim pod\u00edl na zisku, integrovat indi\u00e1na do spole\u010dnosti.\u201c Takov\u00e1 prohl\u00e1\u0161en\u00ed nazna\u010duj\u00ed, \u017ee zem\u011bd\u011blsk\u00fd a t\u011b\u017eebn\u00ed pr\u016fmysl dostanou za Bolsonarovy vl\u00e1dy neb\u00fdval\u00fd p\u0159\u00edstup k\u00a0dosud chr\u00e1n\u011bn\u00fdm oblastem.<\/span><\/p>\n<p><b><span style=\"margin: 0px; color: black; font-family: '&amp;quot','serif'; font-size: 16.5pt;\">Osudy ochr\u00e1nc\u016f brazilsk\u00fdch prales\u016f jsou \u00fazce sv\u00e1z\u00e1ny s\u00a0osudy na\u0161imi<\/span><\/b><\/p>\n<p><span style=\"margin: 0px; color: #121212; font-family: 'Georgia','serif'; font-size: 12.5pt;\">Brazilsk\u00e1 soci\u00e1ln\u00ed hnut\u00ed se p\u0159ipravuj\u00ed na nejhor\u0161\u00ed. Nejv\u00fdznamn\u011bj\u0161\u00ed domorod\u00e1 politi\u010dka S\u00f4nia Guajajara po\u017e\u00e1dala v Bruselu Evropskou unii o bojkot brazilsk\u00e9ho zbo\u017e\u00ed v\u00a0souvislosti s\u00a0t\u00edm, co nazvala \u201esoci\u00e1ln\u00ed vyhuben\u00edm\u201c a environment\u00e1ln\u00ed katastrofou, a i jin\u00fdmi zp\u016fsoby hledaj\u00ed brazilsk\u00e1 soci\u00e1ln\u011b-environment\u00e1ln\u00ed hnut\u00ed mezin\u00e1rodn\u00ed podporu. Ochrana domorod\u00fdch pr\u00e1v a ochrana amazonsk\u00e9ho pralesa toti\u017e nejsou jen m\u00edstn\u00ed z\u00e1le\u017eitost\u00ed, proto\u017ee osudy ochr\u00e1nc\u016f brazilsk\u00fdch prales\u016f jsou velmi \u00fazce sv\u00e1z\u00e1ny s\u00a0na\u0161imi vlastn\u00edmi osudy. <\/span><span style=\"margin: 0px; color: #141b18; font-family: 'Georgia','serif'; font-size: 12.5pt;\">\u201eV takov\u00fdch dob\u00e1ch krize se mus\u00edme pevn\u011b semknout, abychom odrazili ni\u010div\u00fd \u00fatok vl\u00e1dy a pr\u016fmyslu. Kdy\u017e vstupujeme do nejist\u00e9ho nov\u00e9ho roku, mus\u00edme si pov\u0161imnout tohoto: na\u0161e spole\u010dn\u00e1 budoucnost z\u00e1vis\u00ed na sjednocen\u00e9 a \u00fasp\u011b\u0161n\u00e9 rezistenci,\u201c uzav\u00edr\u00e1 Christian Poirier z\u00a0Amazon Watch.<\/span><\/p>\n<p><span style=\"margin: 0px; color: #424242; font-family: '&amp;quot','serif'; font-size: 11.5pt;\">\u00a0<\/span><\/p>\n<p><span style=\"margin: 0px; color: #424242; font-family: '&amp;quot','serif'; font-size: 11.5pt;\">Zdroj: https:\/\/amwt.ch\/4380<\/span><br \/>\n[\/et_pb_text][\/et_pb_column][\/et_pb_row][\/et_pb_section]<\/p>\n","protected":false},"excerpt":{"rendered":"<p>Brazilsk\u00e1 domorod\u00e1 hnut\u00ed se p\u0159ipravuj\u00ed k obran\u011b Brazilsk\u00e1 soci\u00e1ln\u00ed hnut\u00ed se p\u0159ipravuj\u00ed na poru\u0161ov\u00e1n\u00ed lidsk\u00fdch pr\u00e1v a \u00fatok na ochranu \u017eivotn\u00edho prost\u0159ed\u00ed. Prezident Bolsonaro od sv\u00e9 inaugurace spustil front\u00e1ln\u00ed \u00fatok na lidsk\u00e1 pr\u00e1va, kter\u00fd je p\u0159edzv\u011bst\u00ed protivenstv\u00ed, jim\u017e budou muset v\u00a0nadch\u00e1zej\u00edc\u00edch letech \u010delit men\u0161inov\u00e9 skupiny v\u00a0Braz\u00edlii a jejich obh\u00e1jci. Bolsonarova vl\u00e1da se chyst\u00e1 za\u00fato\u010dit proti [&hellip;]<\/p>\n","protected":false},"author":1,"featured_media":578,"comment_status":"closed","ping_status":"closed","sticky":false,"template":"","format":"standard","meta":{"_et_pb_use_builder":"on","_et_pb_old_content":"","_et_gb_content_width":""},"categories":[5,9],"tags":[],"_links":{"self":[{"href":"https:\/\/www.zitlaudatosi.cz\/index.php\/wp-json\/wp\/v2\/posts\/577"}],"collection":[{"href":"https:\/\/www.zitlaudatosi.cz\/index.php\/wp-json\/wp\/v2\/posts"}],"about":[{"href":"https:\/\/www.zitlaudatosi.cz\/index.php\/wp-json\/wp\/v2\/types\/post"}],"author":[{"embeddable":true,"href":"https:\/\/www.zitlaudatosi.cz\/index.php\/wp-json\/wp\/v2\/users\/1"}],"replies":[{"embeddable":true,"href":"https:\/\/www.zitlaudatosi.cz\/index.php\/wp-json\/wp\/v2\/comments?post=577"}],"version-history":[{"count":10,"href":"https:\/\/www.zitlaudatosi.cz\/index.php\/wp-json\/wp\/v2\/posts\/577\/revisions"}],"predecessor-version":[{"id":1483,"href":"https:\/\/www.zitlaudatosi.cz\/index.php\/wp-json\/wp\/v2\/posts\/577\/revisions\/1483"}],"wp:featuredmedia":[{"embeddable":true,"href":"https:\/\/www.zitlaudatosi.cz\/index.php\/wp-json\/wp\/v2\/media\/578"}],"wp:attachment":[{"href":"https:\/\/www.zitlaudatosi.cz\/index.php\/wp-json\/wp\/v2\/media?parent=577"}],"wp:term":[{"taxonomy":"category","embeddable":true,"href":"https:\/\/www.zitlaudatosi.cz\/index.php\/wp-json\/wp\/v2\/categories?post=577"},{"taxonomy":"post_tag","embeddable":true,"href":"https:\/\/www.zitlaudatosi.cz\/index.php\/wp-json\/wp\/v2\/tags?post=577"}],"curies":[{"name":"wp","href":"https:\/\/api.w.org\/{rel}","templated":true}]}}