{"id":3963,"date":"2026-04-25T13:52:53","date_gmt":"2026-04-25T13:52:53","guid":{"rendered":"https:\/\/www.zitlaudatosi.cz\/?p=3963"},"modified":"2026-04-25T16:02:27","modified_gmt":"2026-04-25T16:02:27","slug":"lev-xiv-o-vztahu-ke-stvoreni","status":"publish","type":"post","link":"https:\/\/www.zitlaudatosi.cz\/index.php\/2026\/04\/25\/lev-xiv-o-vztahu-ke-stvoreni\/","title":{"rendered":"Lev XIV. o vztahu ke stvo\u0159en\u00ed"},"content":{"rendered":"<p>[et_pb_section fb_built=&#8220;1&#8243; _builder_version=&#8220;4.16&#8243; custom_padding=&#8220;0|0px|0px|0px|false|false&#8220; global_colors_info=&#8220;{}&#8220;][et_pb_row _builder_version=&#8220;4.16&#8243; min_height=&#8220;99.2px&#8220; custom_margin=&#8220;-42px|auto|-42px|auto|true|&#8220; custom_padding=&#8220;0px|0px|0|0px|false|false&#8220; global_colors_info=&#8220;{}&#8220;][et_pb_column type=&#8220;4_4&#8243; _builder_version=&#8220;4.16&#8243; custom_padding=&#8220;|||&#8220; global_colors_info=&#8220;{}&#8220; custom_padding__hover=&#8220;|||&#8220;][et_pb_text _builder_version=&#8220;4.16&#8243; min_height=&#8220;68.8px&#8220; custom_margin=&#8220;||26px|||&#8220; custom_padding=&#8220;28px||0px|||&#8220; inline_fonts=&#8220;Trebuchet,Verdana,Asul,Abhaya Libre,Abyssinica SIL&#8220; global_colors_info=&#8220;{}&#8220;]<\/p>\n<div><\/div>\n<div><\/div>\n<h1 style=\"text-align: center;\"><span style=\"font-size: x-large; color: #119600;\"><strong><span size=\"5\">Kl\u00ed\u010dov\u00e9 okam\u017eiky, kdy pape\u017e Lev XIV. znovu potvrdil k\u0159es\u0165ansk\u00e9 posl\u00e1n\u00ed pe\u010dovat o spole\u010dn\u00fd domov v\u0161ech tvor\u016f<\/span><\/strong><\/span><\/h1>\n<div><span style=\"font-family: 'Abhaya Libre'; font-weight: normal; font-size: large; color: #000000;\"><strong><\/strong><\/span><\/div>\n<div><span style=\"font-family: 'Abhaya Libre'; font-weight: normal; font-size: large; color: #000000;\"><strong><\/strong><\/span><\/div>\n<div><span style=\"font-family: 'Abhaya Libre'; font-weight: normal; font-size: large; color: #000000;\"><strong><\/strong><\/span><\/div>\n<div><span style=\"font-family: 'Abhaya Libre'; font-weight: normal; font-size: large; color: #000000;\"><strong><\/strong><\/span><\/div>\n<div style=\"text-align: center;\"><em><strong>p\u0159evzato od <a href=\"https:\/\/laudatosiactionplatform.org\/ten-key-moments-when-pope-leo-xiv-reaffirmed-the-christian-vocation-to-care-for-our-common-home\/\">Laudato Si&#8216; Action Platform<\/a><\/strong><\/em><\/div>\n<div><\/div>\n<div><em><strong><\/strong><\/em><\/div>\n<div><em><strong><\/strong><\/em><\/div>\n<div><em><strong><\/strong><\/em><\/div>\n<div><em><strong><\/strong><\/em><\/div>\n<div><em><strong><\/strong><\/em><\/div>\n<div><span style=\"font-family: 'Abhaya Libre'; font-weight: normal; font-size: large; color: #000000;\"><strong><\/strong><\/span><\/div>\n<p><span style=\"color: #313132; font-size: 13.5pt;\"><\/span><\/p>\n<p>[\/et_pb_text][\/et_pb_column][\/et_pb_row][et_pb_row column_structure=&#8220;1_3,2_3&#8243; _builder_version=&#8220;4.27.4&#8243; _module_preset=&#8220;default&#8220; global_colors_info=&#8220;{}&#8220;][et_pb_column type=&#8220;1_3&#8243; _builder_version=&#8220;4.27.4&#8243; _module_preset=&#8220;default&#8220; global_colors_info=&#8220;{}&#8220;][et_pb_text _builder_version=&#8220;4.27.4&#8243; _module_preset=&#8220;default&#8220; inline_fonts=&#8220;Abel&#8220; global_colors_info=&#8220;{}&#8220;]<\/p>\n<p><span style=\"font-family: inherit; font-weight: normal; font-size: large; color: #1a7f15;\">Ji\u017e od prvn\u00edch m\u011bs\u00edc\u016f sv\u00e9ho pontifik\u00e1tu kladl Lev XIV. p\u00e9\u010di o stvo\u0159en\u00ed do sam\u00e9ho st\u0159edu k\u0159es\u0165ansk\u00e9ho n\u00e1sledov\u00e1n\u00ed. Pape\u017e Lev XIV. zdaleka nepova\u017euje ekologii za druho\u0159adou \u010di \u201etematickou\u201c z\u00e1le\u017eitost, ale d\u016fsledn\u011b ji p\u0159edstavuje jako duchovn\u00ed, mor\u00e1ln\u00ed povol\u00e1n\u00ed c\u00edrkve, hluboce zako\u0159en\u011bn\u00e9 v P\u00edsmu, katolick\u00e9m soci\u00e1ln\u00edm u\u010den\u00ed a \u017eivotn\u00ed zku\u0161enosti chud\u00fdch.<\/span><\/p>\n<p>[\/et_pb_text][\/et_pb_column][et_pb_column type=&#8220;2_3&#8243; _builder_version=&#8220;4.27.4&#8243; _module_preset=&#8220;default&#8220; global_colors_info=&#8220;{}&#8220;][et_pb_image src=&#8220;https:\/\/www.zitlaudatosi.cz\/wp-content\/uploads\/2026\/04\/Leo-with-farm-worker-and-horse.png&#8220; title_text=&#8220;Leo with farm worker and horse&#8220; _builder_version=&#8220;4.27.4&#8243; _module_preset=&#8220;default&#8220; custom_margin=&#8220;2px|||||&#8220; custom_padding=&#8220;0px|||||&#8220; global_colors_info=&#8220;{}&#8220;][\/et_pb_image][\/et_pb_column][\/et_pb_row][et_pb_row _builder_version=&#8220;4.27.4&#8243; _module_preset=&#8220;default&#8220; global_colors_info=&#8220;{}&#8220;][et_pb_column type=&#8220;4_4&#8243; _builder_version=&#8220;4.27.4&#8243; _module_preset=&#8220;default&#8220; global_colors_info=&#8220;{}&#8220;][et_pb_text _builder_version=&#8220;4.27.4&#8243; _module_preset=&#8220;default&#8220; custom_margin=&#8220;18px|||||&#8220; inline_fonts=&#8220;ABeeZee&#8220; global_colors_info=&#8220;{}&#8220;]<\/p>\n<p><span style=\"font-family: inherit; font-weight: normal; font-size: large; color: #1a7f15;\">V n\u00e1vaznosti na encykliku Laudato si\u2019 za\u010dal pape\u017e Lev XIV. formulovat jasnou teologickou orientaci pro C\u00edrkev: trval\u00fd m\u00edr je neodd\u011bliteln\u00fd od p\u00e9\u010de o stvo\u0159en\u00ed a autentick\u00e1 v\u00edra vy\u017eaduje neust\u00e1l\u00fd proces ekologick\u00e9ho obr\u00e1cen\u00ed.<\/span><\/p>\n<p><span style=\"font-family: inherit; font-weight: normal; font-size: large; color: #126310;\">Zde uv\u00e1d\u00edme deset v\u00fdznamn\u00fdch moment\u016f z prvn\u00edch m\u011bs\u00edc\u016f pontifik\u00e1tu pape\u017ee Lva XIV., kter\u00e9 osv\u011btluj\u00ed z\u00e1klady, kter\u00e9 klade, ukazatele vize, kter\u00e1 se teprve rozv\u00edj\u00ed, ale ji\u017e nyn\u00ed utv\u00e1\u0159\u00ed zp\u016fsob, jak\u00fdm m\u016f\u017ee c\u00edrkev rozli\u0161ovat svou cestu vp\u0159ed.<\/span><\/p>\n<p><span style=\"font-family: inherit; font-weight: normal; font-size: large; color: #126310;\">\u00a0<\/span><\/p>\n<ol>\n<li><span style=\"font-family: inherit; font-weight: normal; font-size: large; color: #126310;\">Posl\u00e1n\u00ed vepsan\u00e9 do stvo\u0159en\u00ed<\/span><\/li>\n<\/ol>\n<p><span style=\"font-family: inherit; font-weight: normal; font-size: large; color: #126310;\">P\u0159i slaven\u00ed m\u0161e za p\u00e9\u010di o stvo\u0159en\u00ed v Borgo Laudato Si\u2019 v Castel Gandolfo pape\u017e p\u0159ipomn\u011bl v\u011b\u0159\u00edc\u00edm, \u017ee ekologick\u00e1 odpov\u011bdnost nen\u00ed voliteln\u00fdm dopl\u0148kem k\u0159es\u0165ansk\u00e9ho \u017eivota, ale p\u0159\u00edmo vypl\u00fdv\u00e1 z na\u0161\u00ed identity jako stvo\u0159en\u00fdch bytost\u00ed:<\/span><\/p>\n<blockquote>\n<p><span style=\"font-family: inherit; font-weight: normal; font-size: large; color: #0c71c3;\">\u201eNa\u0161e posl\u00e1n\u00ed pe\u010dovat o stvo\u0159en\u00ed, podporovat m\u00edr a sm\u00ed\u0159en\u00ed, je samotn\u00fdm posl\u00e1n\u00edm Je\u017e\u00ed\u0161e, posl\u00e1n\u00edm, kter\u00e9 n\u00e1m P\u00e1n sv\u011b\u0159uje.\u201c<\/span><\/p>\n<\/blockquote>\n<p><span style=\"font-family: inherit; font-weight: normal; font-size: large; color: #126310;\">\u2014 K\u00e1z\u00e1n\u00ed o p\u00e9\u010di o stvo\u0159en\u00ed, 9. \u010dervence 2025<\/span><\/p>\n<p><span style=\"font-family: inherit; font-weight: normal; font-size: large; color: #126310;\">T\u00edm, \u017ee pape\u017e Lev XIV. poj\u00edm\u00e1 p\u00e9\u010di o stvo\u0159en\u00ed jako posl\u00e1n\u00ed, zasazuje ekologii do kontextu povol\u00e1n\u00ed, odpov\u011bdi a v\u011brnosti, nikoli pouze do kontextu aktivismu \u010di spr\u00e1vy \u017eivotn\u00edho prost\u0159ed\u00ed.<\/span><\/p>\n<p><span style=\"font-family: inherit; font-weight: normal;\">\u00a0<\/span><\/p>\n<ol start=\"2\">\n<li><span style=\"font-family: inherit; font-weight: normal; font-size: large; color: #19560e;\">Stvo\u0159en\u00ed mezi stvo\u0159en\u00edmi, nikoli p\u00e1ni v\u0161eho<\/span><\/li>\n<\/ol>\n<p><span style=\"font-family: inherit; font-weight: normal; font-size: large; color: #19560e;\">P\u0159i slavnostn\u00edm otev\u0159en\u00ed Borgo Laudato Si\u2019 p\u0159ednesl pape\u017e jedno ze sv\u00fdch nejjasn\u011bj\u0161\u00edch prohl\u00e1\u0161en\u00ed o\u00a0vztahu mezi lidstvem a zbytkem stvo\u0159en\u00ed:<\/span><\/p>\n<blockquote>\n<p><span style=\"font-family: inherit; font-weight: normal; font-size: large; color: #0c71c3;\">\u201eJsme stvo\u0159en\u00ed mezi stvo\u0159en\u00edmi, nikoli stvo\u0159itel\u00e9.\u201c<\/span><\/p>\n<\/blockquote>\n<p><span style=\"font-family: inherit; font-weight: normal; font-size: large; color: #19560e;\">\u2014 Homilie, Borgo Laudato Si\u2019, 5. z\u00e1\u0159\u00ed 2025<\/span><\/p>\n<p><span style=\"font-family: inherit; font-weight: normal; font-size: large; color: #19560e;\">Toto tvrzen\u00ed zpochyb\u0148uje hluboce zako\u0159en\u011bn\u00e9 kulturn\u00ed p\u0159edpoklady o nadvl\u00e1d\u011b a technokratick\u00e9 kontrole. Lidsk\u00e1 d\u016fstojnost nen\u00ed uzn\u00e1n\u00edm lidsk\u00e9ho omezen\u00ed nijak sn\u00ed\u017eena; naopak, napl\u0148uje se skrze odpov\u011bdnost a zdr\u017eenlivost.<\/span><\/p>\n<p><span style=\"font-family: inherit; font-weight: normal; font-size: large; color: #19560e;\">\u00a0<\/span><\/p>\n<ol start=\"3\">\n<li><span style=\"font-family: inherit; font-weight: normal; font-size: large; color: #19560e;\">M\u00edr, spravedlnost a ekologie: jedin\u00fd horizont<\/span><\/li>\n<\/ol>\n<p><span style=\"font-family: inherit; font-weight: normal; font-size: large; color: #19560e;\">Ve sv\u00e9m projevu k mezin\u00e1rodn\u00edmu spole\u010denstv\u00ed b\u011bhem konference COP30 v brazilsk\u00e9m Bel\u00e9mu pape\u017e popsal p\u0159\u00edmou souvislost mezi ekologickou degradac\u00ed a glob\u00e1ln\u00ed nestabilitou:<\/span><\/p>\n<blockquote>\n<p><span style=\"font-family: inherit; font-weight: normal; font-size: large; color: #0c71c3;\">\u201eChcete-li p\u011bstovat m\u00edr, pe\u010dujte o stvo\u0159en\u00ed.\u201c<\/span><\/p>\n<\/blockquote>\n<p><span style=\"font-family: inherit; font-weight: normal; font-size: large; color: #19560e;\">\u2014 Poselstv\u00ed konferenci COP30, listopad 2025<\/span><\/p>\n<p><span style=\"font-family: inherit; font-weight: normal; font-size: large; color: #2c7513;\">Ve sv\u011bt\u011b poznamenan\u00e9m ozbrojen\u00fdmi konflikty, nucenou migrac\u00ed a vyko\u0159is\u0165ov\u00e1n\u00edm zdroj\u016f pape\u017e Lev XIV. varuje, \u017ee m\u00edrov\u00e9 \u00fasil\u00ed odd\u011blen\u00e9 od ekologick\u00e9 odpov\u011bdnosti z\u016fst\u00e1v\u00e1 k\u0159ehk\u00e9 a ne\u00fapln\u00e9.<\/span><\/p>\n<p><span style=\"font-family: inherit; font-weight: normal; font-size: large; color: #2c7513;\">\u00a0<\/span><\/p>\n<ol start=\"4\">\n<li><span style=\"font-family: inherit; font-weight: normal; font-size: large; color: #2c7513;\">Ekologick\u00e1 krize jako mor\u00e1ln\u00ed krize<\/span><\/li>\n<\/ol>\n<p><span style=\"font-family: inherit; font-weight: normal; font-size: large; color: #2c7513;\">Ve stejn\u00e9m poselstv\u00ed pape\u017e v\u00fdslovn\u011b odm\u00edtl my\u0161lenku, \u017ee ekologickou krizi lze vy\u0159e\u0161it pouze technick\u00fdmi \u0159e\u0161en\u00edmi:<\/span><\/p>\n<blockquote>\n<h3><span style=\"font-family: inherit; font-weight: normal; font-size: large; color: #0c71c3;\">\u201eEkologick\u00e1 krize je mor\u00e1ln\u00ed ot\u00e1zkou\u2026 [a] odhaluje nal\u00e9havou mor\u00e1ln\u00ed pot\u0159ebu nov\u00e9 solidarity.\u201c<\/span><\/h3>\n<\/blockquote>\n<p><span style=\"font-family: inherit; font-weight: normal; font-size: large; color: #2c7513;\">\u2014 Poselstv\u00ed pro COP30, listopad 2025<\/span><\/p>\n<p><span style=\"font-family: inherit; font-weight: normal; font-size: large; color: #2c7513;\">V n\u00e1vaznosti na d\u0159\u00edv\u011bj\u0161\u00ed pape\u017esk\u00e9 u\u010den\u00ed zd\u016fraznil, \u017ee politick\u00e1 opat\u0159en\u00ed, technologie a finan\u010dn\u00ed n\u00e1stroje mus\u00ed b\u00fdt doprov\u00e1zeny prom\u011bnou srdc\u00ed, \u017eivotn\u00edho stylu a instituc\u00ed.<\/span><\/p>\n<ol start=\"5\">\n<li><span style=\"font-family: inherit; font-weight: normal; font-size: large; color: #2c7513;\">Solidarita vepsan\u00e1 do p\u016fdy<\/span><\/li>\n<\/ol>\n<p><span style=\"font-family: inherit; font-weight: normal; font-size: large; color: #2c7513;\">Pro pape\u017ee Lva XIV. je p\u00e9\u010de o stvo\u0159en\u00ed neodd\u011bliteln\u00e1 od p\u00e9\u010de o chud\u00e9:<\/span><\/p>\n<blockquote>\n<p><span style=\"font-family: inherit; font-weight: normal; font-size: large; color: #0c71c3;\">\u201eP\u00e9\u010de o stvo\u0159en\u00ed se st\u00e1v\u00e1 v\u00fdrazem lidskosti a solidarity.\u201c<\/span><\/p>\n<\/blockquote>\n<p><span style=\"font-family: inherit; font-weight: normal; font-size: large; color: #2c7513;\">\u2014 Poselstv\u00ed pro COP30, listopad 2025<\/span><\/p>\n<p><span style=\"font-family: inherit; font-weight: normal; font-size: large; color: #1c7513;\">Zni\u010den\u00ed \u017eivotn\u00edho prost\u0159ed\u00ed, jak poznamen\u00e1v\u00e1, ne\u00fam\u011brn\u011b postihuje ty, kte\u0159\u00ed k n\u011bmu p\u0159isp\u011bli nejm\u00e9n\u011b. Ekologick\u00e9 obr\u00e1cen\u00ed je proto tak\u00e9 aktem spravedlnosti a bratrstv\u00ed.<\/span><\/p>\n<p><span style=\"font-family: inherit; font-weight: normal; font-size: large; color: #1c7513;\">\u00a0<\/span><\/p>\n<ol start=\"6\">\n<li><span style=\"font-family: inherit; font-weight: normal; font-size: large; color: #1c7513;\">Kdy\u017e se nad\u011bje st\u00e1v\u00e1 obr\u00e1cen\u00edm<\/span><\/li>\n<\/ol>\n<p><span style=\"font-family: inherit; font-weight: normal; font-size: large; color: #1c7513;\">Ve sv\u00e9m projevu k \u00fa\u010dastn\u00edk\u016fm konference Raising Hope [Vzbudit nad\u011bji] u p\u0159\u00edle\u017eitosti des\u00e1t\u00e9ho v\u00fdro\u010d\u00ed vyd\u00e1n\u00ed encykliky Laudato si\u2019 Lev XIV. jasn\u011b uvedl, \u017ee c\u00edrkev vstoupila do nov\u00e9 f\u00e1ze sv\u00e9 ekologick\u00e9 cesty, kter\u00e1 se rozhodn\u00fdm zp\u016fsobem posouv\u00e1 od reflexe k \u017eit\u00e9 prom\u011bn\u011b:<\/span><\/p>\n<blockquote>\n<p><span style=\"font-family: inherit; font-weight: normal; font-size: large; color: #0c71c3;\">\u201eNyn\u00ed je d\u016fle\u017eit\u011bj\u0161\u00ed ne\u017e kdy jindy vr\u00e1tit se k srdci\u2026 Pouze n\u00e1vratem k srdci m\u016f\u017ee doj\u00edt ke skute\u010dn\u00e9mu ekologick\u00e9mu obr\u00e1cen\u00ed. Mus\u00edme p\u0159ej\u00edt od shroma\u017e\u010fov\u00e1n\u00ed dat k p\u00e9\u010di.\u201c<\/span><\/p>\n<\/blockquote>\n<p><span style=\"font-family: inherit; font-weight: normal; font-size: large; color: #1c7513;\">\u2014 Projev na konferenci Raising Hope, Centrum Mariapolis (Castel Gandolfo), 1. \u0159\u00edjna 2025<\/span><\/p>\n<p><span style=\"font-family: inherit; font-weight: normal; font-size: large; color: #1c7513;\">V tomto smyslu nen\u00ed \u201evzbuzov\u00e1n\u00ed nad\u011bje\u201c pouh\u00fdm sloganem, ale duchovn\u00edm a c\u00edrkevn\u00edm procesem. Nad\u011bje se rod\u00ed tehdy, kdy\u017e se ekologick\u00e1 ot\u00e1zka stane osobn\u00ed i spole\u010denskou z\u00e1le\u017eitost\u00ed, kdy\u017e v\u00edra utv\u00e1\u0159\u00ed konkr\u00e9tn\u00ed rozhodnut\u00ed a kdy\u017e je p\u00e9\u010de o stvo\u0159en\u00ed za\u010dlen\u011bna do \u017eivotn\u00edho stylu, instituc\u00ed a\u00a0mezilidsk\u00fdch vztah\u016f.<\/span><\/p>\n<p><span style=\"font-family: inherit; font-weight: normal; font-size: large; color: #1c7513;\">Jak potvrdil pape\u017e, ekologick\u00e9 obr\u00e1cen\u00ed je neodd\u011bliteln\u00e9 od vnit\u0159n\u00ed prom\u011bny: m\u011bn\u00ed zp\u016fsob, jak\u00fdm se vztahujeme k Bohu, k druh\u00fdm, k p\u0159\u00edrod\u011b i k sob\u011b sam\u00fdm, a zakotvuje tak integr\u00e1ln\u00ed ekologii v\u00a0nejhlub\u0161\u00edm zdroji k\u0159es\u0165ansk\u00e9ho \u017eivota.<\/span><\/p>\n<p><span style=\"font-family: inherit; font-weight: normal; font-size: large; color: #1c7513;\">\u00a0<\/span><\/p>\n<ol start=\"7\">\n<li><span style=\"font-family: inherit; font-weight: normal; font-size: large; color: #1a9118;\">V\u00fdzva k c\u00edrkevn\u00ed odpov\u011bdnosti<\/span><\/li>\n<\/ol>\n<p><span style=\"font-family: inherit; font-weight: normal; font-size: large; color: #1a9118;\">Ve sv\u00e9m poselstv\u00ed biskup\u016fm Madagaskaru se pape\u017e Lev XIV. obr\u00e1til p\u0159\u00edmo na c\u00edrkevn\u00ed p\u0159edstavitele:<\/span><\/p>\n<blockquote>\n<p><span style=\"font-family: inherit; font-weight: normal; font-size: large; color: #0c71c3;\">\u201eP\u00e9\u010de o n\u00e1\u0161 domov je ned\u00edlnou sou\u010d\u00e1st\u00ed va\u0161eho prorock\u00e9ho posl\u00e1n\u00ed. Pe\u010dujte o stvo\u0159en\u00ed, kter\u00e9 pl\u00e1\u010de, a\u00a0u\u010dte sv\u00e9 v\u011b\u0159\u00edc\u00ed um\u011bn\u00ed chr\u00e1nit je ve spravedlnosti a m\u00edru.\u201c<\/span><\/p>\n<\/blockquote>\n<p><span style=\"font-family: inherit; font-weight: normal; font-size: large; color: #1a9118;\">\u2014 Poselstv\u00ed biskup\u016fm Madagaskaru, 16. \u010dervna 2025<\/span><\/p>\n<p><span style=\"font-family: inherit; font-weight: normal; font-size: large; color: #1a9118;\">Toto prohl\u00e1\u0161en\u00ed posiluje my\u0161lenku, \u017ee diec\u00e9ze, kongregace a katolick\u00e9 instituce nejsou pouh\u00fdmi pozorovateli ekologick\u00fdch zm\u011bn, ale akt\u00e9ry transformace, zodpov\u011bdn\u00fdmi za slad\u011bn\u00ed spr\u00e1vy, investic a\u00a0pastora\u010dn\u00edch priorit s integr\u00e1ln\u00ed ekologi\u00ed.<\/span><\/p>\n<p><span style=\"font-family: inherit; font-weight: normal; font-size: large; color: #1a9118;\">\u00a0<\/span><\/p>\n<ol start=\"8\">\n<li><span style=\"font-family: inherit; font-weight: normal; font-size: large; color: #1a9118;\">Harmonie s Bohem a se stvo\u0159en\u00edm<\/span><\/li>\n<\/ol>\n<p><span style=\"font-family: inherit; font-weight: normal; font-size: large; color: #1a9118;\">B\u011bhem jubilejn\u00edho setk\u00e1n\u00ed s Romy, Sinty a ko\u010dovn\u00fdmi komunitami pape\u017e v\u00fdslovn\u011b jmenoval ekologii v duchovn\u00edm kontextu:<\/span><\/p>\n<blockquote>\n<p><span style=\"font-family: inherit; font-weight: normal; font-size: large; color: #0c71c3;\">\u201e\u2026m\u00edrumilovn\u011bj\u0161\u00ed a spravedliv\u011bj\u0161\u00ed sou\u017eit\u00ed, v harmonii s Bohem, se stvo\u0159en\u00edm a s ostatn\u00edmi\u201c<\/span><\/p>\n<\/blockquote>\n<p><span style=\"font-family: inherit; font-weight: normal; font-size: large; color: #1a9118;\">\u2014 Jubilejn\u00ed projev, \u0158\u00edm, 18. \u0159\u00edjna 2025<\/span><\/p>\n<p><span style=\"font-family: inherit; font-weight: normal; font-size: large; color: #1a9118;\">Ekologick\u00e9 obr\u00e1cen\u00ed je zde p\u0159edstaveno jako sou\u010d\u00e1st \u0161ir\u0161\u00edho posl\u00e1n\u00ed c\u00edrkve, j\u00edm\u017e je usm\u00ed\u0159en\u00ed \u2013 mezi n\u00e1rody, kulturami a cel\u00fdm stvo\u0159en\u00edm. Ekologick\u00e9 obr\u00e1cen\u00ed je neodd\u011bliteln\u00e9 od uzdraven\u00ed naru\u0161en\u00fdch vztah\u016f mezi Bohem, lidsk\u00fdmi spole\u010denstv\u00edmi a samotnou zem\u00ed. Usilovat o m\u00edr a p\u0159itom ignorovat \u0161kody na \u017eivotn\u00edm prost\u0159ed\u00ed, zejm\u00e9na tam, kde ne\u00fam\u011brn\u011b postihuj\u00ed marginalizovan\u00e9 skupiny obyvatel, je p\u0159edstaveno jako rozpor le\u017e\u00edc\u00ed v sam\u00e9m j\u00e1dru k\u0159es\u0165ansk\u00e9ho sv\u011bdectv\u00ed.<\/span><\/p>\n<p><span style=\"font-family: inherit; font-weight: normal; font-size: large; color: #1a9118;\">\u00a0<\/span><\/p>\n<ol start=\"9\">\n<li><span style=\"font-family: inherit; font-weight: normal; font-size: large; color: #116819;\">Mlad\u00ed lid\u00e9 jako protagonist\u00e9 nad\u011bje<\/span><\/li>\n<\/ol>\n<p><span style=\"font-family: inherit; font-weight: normal; font-size: large; color: #116819;\">Ve sv\u00e9m projevu k St\u0159edomo\u0159sk\u00e9 rad\u011b ml\u00e1de\u017ee sv\u011b\u0159il pape\u017e Lev XIV. ekologickou budoucnost p\u0159\u00ed\u0161t\u00ed generaci:<\/span><\/p>\n<blockquote>\n<p><span style=\"font-family: inherit; font-weight: normal; font-size: large; color: #0c71c3;\">\u201eVy jste \u201anyn\u00ed\u2018 na\u0161\u00ed nad\u011bj\u00ed pro budoucnost!\u201c<\/span><\/p>\n<\/blockquote>\n<p><span style=\"font-family: inherit; font-weight: normal; font-size: large; color: #116819;\">\u2014 Projev ke St\u0159edomo\u0159sk\u00e9 rad\u011b ml\u00e1de\u017ee, 5. z\u00e1\u0159\u00ed 2025<\/span><\/p>\n<p><span style=\"font-family: inherit; font-weight: normal; font-size: large; color: #116819;\">M\u00edsto toho, aby mlad\u00e9 lidi vykresloval jako ob\u011bti ekologick\u00e9ho kolapsu, potvrdil jejich roli jako tv\u016frc\u016f nov\u00fdch soci\u00e1ln\u00edch, politick\u00fdch a ekologick\u00fdch p\u0159edstav. Mlad\u00ed lid\u00e9 jsou povol\u00e1ni nejen k protestu proti tomu, co bylo zni\u010deno, ale tak\u00e9 k prom\u00fd\u0161len\u00ed a budov\u00e1n\u00ed nov\u00fdch zp\u016fsob\u016f spole\u010dn\u00e9ho \u017eivota \u2013 soci\u00e1ln\u011b, politicky i ekologicky. T\u00edmto zp\u016fsobem stav\u00ed ml\u00e1de\u017e nikoli na okraj ekologick\u00e9ho posl\u00e1n\u00ed c\u00edrkve, ale do jeho st\u0159edu.<\/span><\/p>\n<p><span style=\"font-family: inherit; font-weight: normal; font-size: large; color: #116819;\">\u00a0<\/span><\/p>\n<ol start=\"10\">\n<li><span style=\"font-family: inherit; font-weight: normal; font-size: large; color: #116819;\">Milovat chud\u00e9 t\u00edm, \u017ee chr\u00e1n\u00edme zemi<\/span><\/li>\n<\/ol>\n<p><span style=\"font-family: inherit; font-weight: normal; font-size: large; color: #116819;\">Ve sv\u00e9 apo\u0161tolsk\u00e9 exhortaci <em>Dilexi te<\/em> [Miloval jsem t\u011b] nab\u00eddl pape\u017e synt\u00e9zu sv\u00e9 soci\u00e1ln\u00ed a ekologick\u00e9 vize:<\/span><\/p>\n<blockquote>\n<p><span style=\"font-family: inherit; font-weight: normal; font-size: large; color: #0c71c3;\">\u201ePro k\u0159es\u0165any nejsou chud\u00ed sociologickou kategori\u00ed, ale samotn\u00fdm \u201at\u011blem\u2018 Kristov\u00fdm.\u201c<\/span><\/p>\n<\/blockquote>\n<p><span style=\"font-family: inherit; font-weight: normal; font-size: large; color: #116819;\">\u2014 Apo\u0161tolsk\u00e1 exhortace Dilexi Te, 4. \u0159\u00edjna 2025<\/span><\/p>\n<p><span style=\"font-family: inherit; font-weight: normal; font-size: large; color: #116819;\">Tato v\u011bta vystihuje z\u00e1kladn\u00ed my\u0161lenku integr\u00e1ln\u00ed ekologie: n\u00e1\u0159ek zem\u011b a n\u00e1\u0159ek chud\u00fdch jsou jedno a tot\u00e9\u017e.<\/span><\/p>\n<p><span style=\"font-family: inherit; font-weight: normal; font-size: large; color: #116819;\">\u00a0<\/span><\/p>\n<p><span style=\"font-family: inherit; font-weight: normal; font-size: large; color: #116819;\">Spole\u010dn\u011b na t\u00e9to cest\u011b<\/span><\/p>\n<p><span style=\"font-family: inherit; font-weight: normal; font-size: large; color: #116819;\">Prost\u0159ednictv\u00edm t\u011bchto u\u010den\u00ed vyb\u00edz\u00ed pape\u017e Lev XIV. c\u00edrkev, aby se neomezila na abstraktn\u00ed z\u00e1jem a\u00a0sm\u011b\u0159ovala k re\u00e1ln\u00e9mu, spole\u010dn\u00e9mu a m\u011b\u0159iteln\u00e9mu ekologick\u00e9mu obr\u00e1cen\u00ed. K\u00a0podpo\u0159e t\u00e9to cesty slou\u017e\u00ed <a href=\"https:\/\/laudatosiactionplatform.org\/\">Ak\u010dn\u00ed platforma Laudato si\u2019<\/a>, kter\u00e1 pom\u00e1h\u00e1 diec\u00e9z\u00edm, instituc\u00edm a\u00a0spole\u010denstv\u00edm prom\u011bnit povol\u00e1n\u00ed v \u010diny, spiritualitu ve struktury a nad\u011bji v konkr\u00e9tn\u00ed z\u00e1vazky.<\/span><\/p>\n<p><span style=\"font-family: inherit; font-weight: normal; font-size: large; color: #116819;\">J\u00e1drem p\u00e9\u010de o stvo\u0159en\u00ed toti\u017e nen\u00ed ochrana p\u0159\u00edrody. Jej\u00edm j\u00e1drem je, abychom se znovu nau\u010dili \u017e\u00edt jako Bo\u017e\u00ed lid, v\u00a0Bo\u017e\u00edm sv\u011bt\u011b, pro dobro v\u0161ech.<\/span><\/p>\n<p><span style=\"font-family: ABeeZee; font-weight: normal; font-size: large; color: #116819;\"><\/span><\/p>\n<p><span style=\"font-family: ABeeZee; font-weight: normal; font-size: large; color: #116819;\"><\/span><\/p>\n<p><span style=\"font-family: inherit; font-weight: normal; font-size: large; color: #1a7f15;\"><\/span><\/p>\n<p>[\/et_pb_text][\/et_pb_column][\/et_pb_row][et_pb_row _builder_version=&#8220;4.27.4&#8243; _module_preset=&#8220;default&#8220; global_colors_info=&#8220;{}&#8220;][et_pb_column type=&#8220;4_4&#8243; _builder_version=&#8220;4.27.4&#8243; _module_preset=&#8220;default&#8220; global_colors_info=&#8220;{}&#8220;][et_pb_image src=&#8220;https:\/\/www.zitlaudatosi.cz\/wp-content\/uploads\/2026\/04\/centro-laudato-si.jpeg&#8220; title_text=&#8220;centro laudato si'&#8220; _builder_version=&#8220;4.27.4&#8243; _module_preset=&#8220;default&#8220; global_colors_info=&#8220;{}&#8220;][\/et_pb_image][\/et_pb_column][\/et_pb_row][\/et_pb_section]<\/p>\n","protected":false},"excerpt":{"rendered":"<p>Kl\u00ed\u010dov\u00e9 okam\u017eiky, kdy pape\u017e Lev XIV. znovu potvrdil k\u0159es\u0165ansk\u00e9 posl\u00e1n\u00ed pe\u010dovat o spole\u010dn\u00fd domov v\u0161ech tvor\u016f p\u0159evzato od Laudato Si&#8216; Action Platform Ji\u017e od prvn\u00edch m\u011bs\u00edc\u016f sv\u00e9ho pontifik\u00e1tu kladl Lev XIV. p\u00e9\u010di o stvo\u0159en\u00ed do sam\u00e9ho st\u0159edu k\u0159es\u0165ansk\u00e9ho n\u00e1sledov\u00e1n\u00ed. Pape\u017e Lev XIV. zdaleka nepova\u017euje ekologii za druho\u0159adou \u010di \u201etematickou\u201c z\u00e1le\u017eitost, ale d\u016fsledn\u011b ji p\u0159edstavuje jako [&hellip;]<\/p>\n","protected":false},"author":1,"featured_media":3969,"comment_status":"open","ping_status":"open","sticky":false,"template":"","format":"standard","meta":{"_et_pb_use_builder":"on","_et_pb_old_content":"","_et_gb_content_width":""},"categories":[5],"tags":[],"_links":{"self":[{"href":"https:\/\/www.zitlaudatosi.cz\/index.php\/wp-json\/wp\/v2\/posts\/3963"}],"collection":[{"href":"https:\/\/www.zitlaudatosi.cz\/index.php\/wp-json\/wp\/v2\/posts"}],"about":[{"href":"https:\/\/www.zitlaudatosi.cz\/index.php\/wp-json\/wp\/v2\/types\/post"}],"author":[{"embeddable":true,"href":"https:\/\/www.zitlaudatosi.cz\/index.php\/wp-json\/wp\/v2\/users\/1"}],"replies":[{"embeddable":true,"href":"https:\/\/www.zitlaudatosi.cz\/index.php\/wp-json\/wp\/v2\/comments?post=3963"}],"version-history":[{"count":11,"href":"https:\/\/www.zitlaudatosi.cz\/index.php\/wp-json\/wp\/v2\/posts\/3963\/revisions"}],"predecessor-version":[{"id":3979,"href":"https:\/\/www.zitlaudatosi.cz\/index.php\/wp-json\/wp\/v2\/posts\/3963\/revisions\/3979"}],"wp:featuredmedia":[{"embeddable":true,"href":"https:\/\/www.zitlaudatosi.cz\/index.php\/wp-json\/wp\/v2\/media\/3969"}],"wp:attachment":[{"href":"https:\/\/www.zitlaudatosi.cz\/index.php\/wp-json\/wp\/v2\/media?parent=3963"}],"wp:term":[{"taxonomy":"category","embeddable":true,"href":"https:\/\/www.zitlaudatosi.cz\/index.php\/wp-json\/wp\/v2\/categories?post=3963"},{"taxonomy":"post_tag","embeddable":true,"href":"https:\/\/www.zitlaudatosi.cz\/index.php\/wp-json\/wp\/v2\/tags?post=3963"}],"curies":[{"name":"wp","href":"https:\/\/api.w.org\/{rel}","templated":true}]}}