{"id":3946,"date":"2026-03-29T07:05:37","date_gmt":"2026-03-29T07:05:37","guid":{"rendered":"https:\/\/www.zitlaudatosi.cz\/?p=3946"},"modified":"2026-03-29T07:24:37","modified_gmt":"2026-03-29T07:24:37","slug":"otevirani-srdce","status":"publish","type":"post","link":"https:\/\/www.zitlaudatosi.cz\/index.php\/2026\/03\/29\/otevirani-srdce\/","title":{"rendered":"Utrpen\u00ed, smrt a vzk\u0159\u00ed\u0161en\u00ed: otev\u00edr\u00e1n\u00ed srdce"},"content":{"rendered":"<p>[et_pb_section fb_built=&#8220;1&#8243; _builder_version=&#8220;4.16&#8243; custom_padding=&#8220;0|0px|0px|0px|false|false&#8220; global_colors_info=&#8220;{}&#8220;][et_pb_row _builder_version=&#8220;4.16&#8243; min_height=&#8220;96.2px&#8220; custom_margin=&#8220;-42px|auto|-42px|auto|true|&#8220; custom_padding=&#8220;0px|0px|0|0px|false|false&#8220; global_colors_info=&#8220;{}&#8220;][et_pb_column type=&#8220;4_4&#8243; _builder_version=&#8220;4.16&#8243; custom_padding=&#8220;|||&#8220; global_colors_info=&#8220;{}&#8220; custom_padding__hover=&#8220;|||&#8220;][et_pb_text _builder_version=&#8220;4.16&#8243; min_height=&#8220;68.8px&#8220; custom_margin=&#8220;||-4px|||&#8220; custom_padding=&#8220;28px||20px|||&#8220; inline_fonts=&#8220;Trebuchet,Verdana,Asul,Abhaya Libre,Abyssinica SIL&#8220; global_colors_info=&#8220;{}&#8220;]<\/p>\n<div><\/div>\n<div><\/div>\n<p style=\"text-align: center;\"><span style=\"font-size: x-large; color: #8300e9;\"><strong><span size=\"5\">Utrpen\u00ed, smrt a zmrtv\u00fdchvst\u00e1n\u00ed: otev\u00edr\u00e1n\u00ed srdce<\/span><\/strong><\/span><\/p>\n<div><span style=\"font-family: 'Abhaya Libre'; font-weight: normal; font-size: large; color: #000000;\"><strong><\/strong><\/span><\/div>\n<div><span style=\"font-family: 'Abhaya Libre'; font-weight: normal; font-size: large; color: #000000;\"><strong><\/strong><\/span><\/div>\n<div><span style=\"font-family: 'Abhaya Libre'; font-weight: normal; font-size: large; color: #000000;\"><strong><\/strong><\/span><\/div>\n<div><span style=\"font-family: 'Abhaya Libre'; font-weight: normal; font-size: large; color: #000000;\"><strong><\/strong><\/span><\/div>\n<div style=\"text-align: center;\"><em><strong>Anne Doutriaux, koordin\u00e1torka program\u016f ve Francii, Laudato Si Movement<\/strong><\/em><\/div>\n<div><\/div>\n<div><em><strong><\/strong><\/em><\/div>\n<div><em><strong><\/strong><\/em><\/div>\n<div><em><strong><\/strong><\/em><\/div>\n<div><em><strong><\/strong><\/em><\/div>\n<div><em><strong><\/strong><\/em><\/div>\n<div><span style=\"font-family: 'Abhaya Libre'; font-weight: normal; font-size: large; color: #000000;\"><strong><\/strong><\/span><\/div>\n<p><span style=\"color: #313132; font-size: 13.5pt;\"><\/span><\/p>\n<p>[\/et_pb_text][\/et_pb_column][\/et_pb_row][et_pb_row column_structure=&#8220;1_2,1_2&#8243; _builder_version=&#8220;4.27.4&#8243; _module_preset=&#8220;default&#8220; min_height=&#8220;201px&#8220; custom_padding=&#8220;0px|0px|3px|0px|false|false&#8220; global_colors_info=&#8220;{}&#8220;][et_pb_column type=&#8220;1_2&#8243; _builder_version=&#8220;4.27.4&#8243; _module_preset=&#8220;default&#8220; global_colors_info=&#8220;{}&#8220;][et_pb_text _builder_version=&#8220;4.27.4&#8243; _module_preset=&#8220;default&#8220; custom_padding=&#8220;20px||0px|||&#8220; global_colors_info=&#8220;{}&#8220;]<\/p>\n<p><span style=\"color: #0c71c3; font-family: inherit; font-size: medium;\">Evangelium t\u00e9to ned\u011ble je pln\u00e9 chaosu a zmatku. Je\u017e\u00ed\u0161 je zrazen, vyd\u00e1n, odsouzen, pon\u00ed\u017een&#8230; Lid\u00e9 na n\u011bj vrhaj\u00ed ur\u00e1\u017eky, posm\u00edvaj\u00ed se mu a soud\u00ed ho; pen\u00edze m\u011bn\u00ed majitele, aby byly nakonec odm\u00edtnuty, proto\u017ee p\u0159edstavuj\u00ed cenu za krev. A\u0165 u\u017e Je\u017e\u00ed\u0161 promluv\u00ed, nebo ml\u010d\u00ed, nikdo mu nerozum\u00ed. Jeho postoj vyvol\u00e1v\u00e1 ot\u00e1zky a vyb\u00edz\u00ed ka\u017ed\u00e9ho k zamy\u0161len\u00ed. \u201eJsi ty kr\u00e1l \u017did\u016f?\u201c pt\u00e1 se Pil\u00e1t. \u201eTy to \u0159\u00edk\u00e1\u0161,\u201c odpov\u00edd\u00e1 Je\u017e\u00ed\u0161. On, kter\u00fd byl p\u0159i vstupu do Jeruzal\u00e9ma oslavov\u00e1n jako kr\u00e1l, nese poselstv\u00ed \u2013 poselstv\u00ed o kr\u00e1lovstv\u00ed, kter\u00e9 nen\u00ed z tohoto sv\u011bta \u2013 poselstv\u00ed, kter\u00e9 nikdo nesly\u0161\u00ed a kter\u00e9 je v\u00fdzvou v\u0161em mocnoste.<\/span><\/p>\n<p><span style=\"color: #0c71c3; font-family: inherit; font-size: medium;\">Pro ka\u017edou z postav je v s\u00e1zce n\u011bco: kn\u011b\u017e\u00ed, z\u00e1kon\u00edci, Pil\u00e1t&#8230; Ale to nen\u00ed v\u0161e. Je tu tak\u00e9 spole\u010dnost: lid\u00e9, kte\u0159\u00ed dr\u017e\u00ed moc a jsou odhodl\u00e1ni ji kv\u016fli tomuto kr\u00e1li neztratit.<\/span><span style=\"font-family: inherit; font-weight: normal; color: #0c71c3; font-size: medium;\"><\/span><span style=\"color: #0c71c3; font-family: inherit; font-size: medium;\"><\/span><\/p>\n<p><span style=\"color: #0c71c3; font-family: inherit; font-size: large;\">Nekone\u010dn\u00e1 l\u00e1ska, kter\u00e1 prom\u011b\u0148uje sv\u011bt<\/span><\/p>\n<p><span style=\"color: #0c71c3; font-family: inherit; font-size: medium;\">Kdy\u017e se d\u00edv\u00e1m na utrpen\u00ed stvo\u0159en\u00ed, na utrpen\u00ed mu\u017e\u016f a \u017een posti\u017een\u00fdch ekologickou a soci\u00e1ln\u00ed kriz\u00ed a na utrpen\u00ed v\u0161ech t\u011bch, kdo se oz\u00fdvaj\u00ed proti nespravedlnosti, mysl\u00edm na Krista v jeho utrpen\u00ed. On je po jejich boku, uprost\u0159ed nich. Trp\u00ed s nimi, s n\u00e1mi.<\/span><\/p>\n<p><span style=\"font-family: inherit; font-weight: normal; color: #0c71c3; font-size: medium;\"><\/span><\/p>\n<p>[\/et_pb_text][\/et_pb_column][et_pb_column type=&#8220;1_2&#8243; _builder_version=&#8220;4.27.4&#8243; _module_preset=&#8220;default&#8220; global_colors_info=&#8220;{}&#8220;][et_pb_image src=&#8220;https:\/\/www.zitlaudatosi.cz\/wp-content\/uploads\/2026\/03\/prijizdi-na-oslatku.jpg&#8220; title_text=&#8220;p\u0159ij\u00ed\u017ed\u00ed na osl\u00e1tku&#8220; _builder_version=&#8220;4.27.4&#8243; _module_preset=&#8220;default&#8220; min_height=&#8220;409.3px&#8220; custom_margin=&#8220;1px|||||&#8220; custom_padding=&#8220;23px|||||&#8220; global_colors_info=&#8220;{}&#8220;][\/et_pb_image][\/et_pb_column][\/et_pb_row][et_pb_row _builder_version=&#8220;4.27.4&#8243; _module_preset=&#8220;default&#8220; global_colors_info=&#8220;{}&#8220;][et_pb_column type=&#8220;4_4&#8243; _builder_version=&#8220;4.27.4&#8243; _module_preset=&#8220;default&#8220; global_colors_info=&#8220;{}&#8220;][et_pb_text _builder_version=&#8220;4.27.4&#8243; _module_preset=&#8220;default&#8220; min_height=&#8220;633.5px&#8220; custom_margin=&#8220;||-3px|||&#8220; global_colors_info=&#8220;{}&#8220;]<\/p>\n<p><span style=\"font-family: inherit; font-weight: normal; color: #0c71c3; font-size: medium;\">V\u0161echna tato nen\u00e1vist a rozd\u011blen\u00ed mohou v\u00e9st pouze ke smrti.<\/span><\/p>\n<p><span style=\"font-family: inherit; font-weight: normal; color: #0c71c3; font-size: medium;\">Ale t\u00edm p\u0159\u00edb\u011bh nekon\u010d\u00ed. T\u00edm, \u017ee dal sv\u016fj \u017eivot na k\u0159\u00ed\u017ei, Je\u017e\u00ed\u0161 otev\u00edr\u00e1 dve\u0159e k n\u011b\u010demu jin\u00e9mu: k v\u011b\u010dn\u00e9mu \u017eivotu.<\/span><\/p>\n<p><span style=\"font-family: inherit; font-weight: normal; color: #0c71c3; font-size: medium;\">V na\u0161em sv\u011bt\u011b, kter\u00fd je a\u017e p\u0159\u00edli\u0161 \u010dasto napln\u011bn nen\u00e1vist\u00ed a rozd\u011blen\u00edm, m\u00e1me cestu, po n\u00ed\u017e m\u016f\u017eeme kr\u00e1\u010det v jeho stop\u00e1ch. T\u00edm, \u017ee ob\u011btoval sv\u016fj \u017eivot, n\u00e1m Je\u017e\u00ed\u0161 ukazuje cestu: cestu l\u00e1sky, nekone\u010dn\u00e9 l\u00e1sky, kter\u00e1 prom\u011b\u0148uje. Je to cesta, kter\u00e1 vede k v\u011b\u010dn\u00e9mu \u017eivotu. Tato cesta za\u010d\u00edn\u00e1 v srdci.<\/span><\/p>\n<p><span style=\"font-family: inherit; font-weight: normal; color: #0c71c3; font-size: medium;\">Exhortace <em>Dilexit nos<\/em>, odstavec 28 to popisuje takto:<\/span><\/p>\n<blockquote>\n<p><span style=\"font-family: inherit; font-weight: normal; color: #0c71c3; font-size: medium;\">\u201ePouze za\u010dneme-li od srdce, poda\u0159\u00ed se na\u0161im spole\u010denstv\u00edm sjednotit a sm\u00ed\u0159it rozd\u00edln\u00e9 n\u00e1zory a v\u016fle, aby n\u00e1s Duch mohl v\u00e9st v jednot\u011b jako bratry a sestry. Sm\u00ed\u0159en\u00ed a m\u00edr tak\u00e9 poch\u00e1zej\u00ed ze srdce. Srdce Kristovo je ext\u00e1ze, otev\u0159enost, dar a setk\u00e1n\u00ed. V tom srdci se u\u010d\u00edme vztahovat se k sob\u011b navz\u00e1jem zdrav\u00fdm a \u0161\u0165astn\u00fdm zp\u016fsobem a budovat v tomto sv\u011bt\u011b Bo\u017e\u00ed kr\u00e1lovstv\u00ed l\u00e1sky a spravedlnosti.&#8220;<\/span><\/p>\n<\/blockquote>\n<p><span style=\"font-family: inherit; font-weight: normal; color: #0c71c3; font-size: medium;\"> Pr\u00e1v\u011b n\u00e1vratem k srdci se m\u016f\u017eeme sjednotit a p\u0159ekonat na\u0161e rozd\u011blen\u00ed. M\u016f\u017eeme jednat spole\u010dn\u011b, zpochyb\u0148ovat v\u0161echny struktury h\u0159\u00edchu a skute\u010dn\u011b p\u0159isp\u00edvat k budov\u00e1n\u00ed kr\u00e1lovstv\u00ed l\u00e1sky a spravedlnosti uprost\u0159ed na\u0161eho sv\u011bta. Za\u010dn\u011bme dnes.<\/span><\/p>\n<p><span style=\"font-family: inherit; font-weight: normal; color: #0c71c3; font-size: medium;\"><\/span><\/p>\n<p><span style=\"font-family: inherit; font-weight: normal; font-size: large; color: #0c71c3;\">I kdy\u017e n\u00e1m \u0159\u00edkaj\u00ed, \u017ee je to nemo\u017en\u00e9<\/span><\/p>\n<p><span style=\"font-family: inherit; font-weight: normal; font-size: medium; color: #0c71c3;\"><\/span><\/p>\n<p><span style=\"font-family: inherit; font-weight: normal; font-size: medium; color: #0c71c3;\">\u201eZm\u011bna je nemo\u017en\u00e1\u201c \u2013 to je argument, kter\u00fd sl\u00fdch\u00e1m \u010dasto. Zvl\u00e1\u0161t\u011b kdy\u017e jde o ekonomick\u00fd syst\u00e9m. Mus\u00edme b\u00fdt realisti\u010dt\u00ed, usilovat o to, co je dosa\u017eiteln\u00e9, a p\u0159edev\u0161\u00edm nezpochyb\u0148ovat logiku maximalizace zisku, proto\u017ee nen\u00ed v co jin\u00e9ho doufat.<\/span><\/p>\n<p><span style=\"font-family: inherit; font-weight: normal; font-size: medium; color: #0c71c3;\">\u010casto se p\u0159istihnu, jak spolu s encyklikou Laudato si\u2018 opakuji: \u201eV\u011bci se mohou zm\u011bnit\u201c (LS 13). Ekologick\u00e1 ekonomika je mo\u017en\u00e1, jak n\u00e1m p\u0159ipom\u00edn\u00e1 c\u00edl Laudato si\u2018 pro tento t\u00fdden: je to ekonomika, kter\u00e1 uzn\u00e1v\u00e1, \u017ee je subsyst\u00e9mem lidsk\u00e9 spole\u010dnosti, za\u010dlen\u011bn\u00fdm do na\u0161eho spole\u010dn\u00e9ho domova.<\/span><\/p>\n<p><span style=\"font-family: inherit; font-weight: normal; font-size: medium; color: #0c71c3;\">Dnes existuje tolik znamen\u00ed t\u00e9to zm\u011bny. Oz\u00fdv\u00e1 se tolik hlas\u016f.<\/span><\/p>\n<p><span style=\"font-family: inherit; font-weight: normal; font-size: medium; color: #0c71c3;\">M\u00e1m na mysli biskupa Alminazu z Filip\u00edn, kter\u00fd loni p\u0159ijel do Pa\u0159\u00ed\u017ee, aby na v\u00fdro\u010dn\u00ed valn\u00e9 hromad\u011b konfrontoval velk\u00e9 banky. \u201eJsem tu, abych jim \u0159ekl: radujete se ze sv\u00fdch zisk\u016f, ale zamysleli jste se nad cenou t\u011bchto zisk\u016f?\u201c Mluvil o dopadu projekt\u016f t\u011b\u017eby fosiln\u00edch paliv na mo\u0159skou biodiverzitu pob\u0159e\u017e\u00ed ve sv\u00e9 diec\u00e9zi a na \u017eivoty ryb\u00e1\u0159\u016f, kte\u0159\u00ed jsou na n\u00ed z\u00e1visl\u00ed. Je jedn\u00edm z t\u011bch, kte\u0159\u00ed se oz\u00fdvaj\u00ed a vyz\u00fdvaj\u00ed n\u00e1s, abychom p\u0159ekonali logiku honby za ekonomick\u00fdm ziskem a vybudovali n\u011bco jin\u00e9ho.<\/span><\/p>\n<p><span style=\"font-family: inherit; font-weight: normal; font-size: medium; color: #0c71c3;\">M\u00e1m na mysli t\u011bch 62 n\u00e1bo\u017eensk\u00fdch instituc\u00ed, kter\u00e9 se loni rozhodly, \u017ee jejich fondy ji\u017e nebudou financovat projekty t\u011b\u017eby fosiln\u00edch paliv, a kter\u00e9 to ve\u0159ejn\u011b ozn\u00e1mily b\u011bhem klimatick\u00e9ho summitu COP 30.<\/span><\/p>\n<p><span style=\"font-family: inherit; font-weight: normal; font-size: medium; color: #0c71c3;\">M\u00e1m na mysli v\u0161echny ty lidi, kte\u0159\u00ed podnikaj\u00ed kroky t\u00edm, \u017ee p\u00ed\u0161\u00ed sv\u00fdm bank\u00e1m a ptaj\u00ed se, zda jejich pen\u00edze financuj\u00ed t\u011b\u017eebn\u00ed projekty, a t\u00edm, \u017ee projevuj\u00ed solidaritu s lidmi posti\u017een\u00fdmi t\u011bmito projekty \u2013 a\u0165 u\u017e na druh\u00e9 stran\u011b sv\u011bta, nebo p\u0159\u00edmo tady v na\u0161ich vlastn\u00edch komunit\u00e1ch.<\/span><\/p>\n<p><span style=\"font-family: inherit; font-weight: normal; font-size: medium; color: #0c71c3;\">Rozhodli se otev\u0159\u00edt sv\u00e1 srdce a nechat se dojmout utrpen\u00edm sv\u011bta. A rozhodli se p\u0159ijmout z\u00e1vazek pr\u00e1v\u011b tam, kde se nach\u00e1zej\u00ed. To, co nesou, a zp\u016fsob, jak\u00fdm to nesou, d\u00e1v\u00e1 sv\u011btu ochutnat Bo\u017e\u00ed kr\u00e1lovstv\u00ed.<\/span><\/p>\n<p><span style=\"font-family: inherit; font-weight: normal; font-size: medium; color: #0c71c3;\">Jejich p\u0159\u00edklad vyb\u00edz\u00ed ka\u017ed\u00e9ho z n\u00e1s k zamy\u0161len\u00ed:<\/span><\/p>\n<p><em><span style=\"font-family: inherit; font-weight: normal; font-size: medium; color: #0c71c3;\">Jak mohou moje rozhodnut\u00ed, spojen\u00e1 s Kristovou ob\u011btavou l\u00e1skou, p\u0159isp\u011bt k budov\u00e1n\u00ed spole\u010dnosti zako\u0159en\u011bn\u00e9 v p\u00e9\u010di, spravedlnosti a m\u00edru se stvo\u0159en\u00edm i mezi lidmi?<\/span><\/em><\/p>\n<p>&nbsp;<\/p>\n<p>[\/et_pb_text][\/et_pb_column][\/et_pb_row][et_pb_row _builder_version=&#8220;4.27.4&#8243; _module_preset=&#8220;default&#8220;][et_pb_column _builder_version=&#8220;4.27.4&#8243; _module_preset=&#8220;default&#8220; type=&#8220;4_4&#8243;][et_pb_image src=&#8220;https:\/\/www.zitlaudatosi.cz\/wp-content\/uploads\/2026\/02\/Snimek9.jpg&#8220; _builder_version=&#8220;4.27.4&#8243; _module_preset=&#8220;default&#8220; hover_enabled=&#8220;0&#8243; sticky_enabled=&#8220;0&#8243; title_text=&#8220;Sn\u00edmek9&#8243;][\/et_pb_image][\/et_pb_column][\/et_pb_row][\/et_pb_section]<\/p>\n","protected":false},"excerpt":{"rendered":"<p>Utrpen\u00ed, smrt a zmrtv\u00fdchvst\u00e1n\u00ed: otev\u00edr\u00e1n\u00ed srdce Anne Doutriaux, koordin\u00e1torka program\u016f ve Francii, Laudato Si Movement Evangelium t\u00e9to ned\u011ble je pln\u00e9 chaosu a zmatku. Je\u017e\u00ed\u0161 je zrazen, vyd\u00e1n, odsouzen, pon\u00ed\u017een&#8230; Lid\u00e9 na n\u011bj vrhaj\u00ed ur\u00e1\u017eky, posm\u00edvaj\u00ed se mu a soud\u00ed ho; pen\u00edze m\u011bn\u00ed majitele, aby byly nakonec odm\u00edtnuty, proto\u017ee p\u0159edstavuj\u00ed cenu za krev. A\u0165 u\u017e Je\u017e\u00ed\u0161 [&hellip;]<\/p>\n","protected":false},"author":1,"featured_media":3819,"comment_status":"open","ping_status":"open","sticky":false,"template":"","format":"standard","meta":{"_et_pb_use_builder":"on","_et_pb_old_content":"","_et_gb_content_width":""},"categories":[5],"tags":[],"_links":{"self":[{"href":"https:\/\/www.zitlaudatosi.cz\/index.php\/wp-json\/wp\/v2\/posts\/3946"}],"collection":[{"href":"https:\/\/www.zitlaudatosi.cz\/index.php\/wp-json\/wp\/v2\/posts"}],"about":[{"href":"https:\/\/www.zitlaudatosi.cz\/index.php\/wp-json\/wp\/v2\/types\/post"}],"author":[{"embeddable":true,"href":"https:\/\/www.zitlaudatosi.cz\/index.php\/wp-json\/wp\/v2\/users\/1"}],"replies":[{"embeddable":true,"href":"https:\/\/www.zitlaudatosi.cz\/index.php\/wp-json\/wp\/v2\/comments?post=3946"}],"version-history":[{"count":8,"href":"https:\/\/www.zitlaudatosi.cz\/index.php\/wp-json\/wp\/v2\/posts\/3946\/revisions"}],"predecessor-version":[{"id":3959,"href":"https:\/\/www.zitlaudatosi.cz\/index.php\/wp-json\/wp\/v2\/posts\/3946\/revisions\/3959"}],"wp:featuredmedia":[{"embeddable":true,"href":"https:\/\/www.zitlaudatosi.cz\/index.php\/wp-json\/wp\/v2\/media\/3819"}],"wp:attachment":[{"href":"https:\/\/www.zitlaudatosi.cz\/index.php\/wp-json\/wp\/v2\/media?parent=3946"}],"wp:term":[{"taxonomy":"category","embeddable":true,"href":"https:\/\/www.zitlaudatosi.cz\/index.php\/wp-json\/wp\/v2\/categories?post=3946"},{"taxonomy":"post_tag","embeddable":true,"href":"https:\/\/www.zitlaudatosi.cz\/index.php\/wp-json\/wp\/v2\/tags?post=3946"}],"curies":[{"name":"wp","href":"https:\/\/api.w.org\/{rel}","templated":true}]}}