{"id":3932,"date":"2026-03-21T12:26:54","date_gmt":"2026-03-21T12:26:54","guid":{"rendered":"https:\/\/www.zitlaudatosi.cz\/?p=3932"},"modified":"2026-03-29T12:34:34","modified_gmt":"2026-03-29T12:34:34","slug":"povolani-k-peci-o-zivot","status":"publish","type":"post","link":"https:\/\/www.zitlaudatosi.cz\/index.php\/2026\/03\/21\/povolani-k-peci-o-zivot\/","title":{"rendered":"Vzk\u0159\u00ed\u0161en\u00ed Lazara a povol\u00e1n\u00ed k p\u00e9\u010di o \u017eivot"},"content":{"rendered":"<p>[et_pb_section fb_built=&#8220;1&#8243; _builder_version=&#8220;4.16&#8243; custom_padding=&#8220;0|0px|0px|0px|false|false&#8220; global_colors_info=&#8220;{}&#8220;][et_pb_row _builder_version=&#8220;4.16&#8243; custom_margin=&#8220;-42px|auto|-42px|auto|true|&#8220; custom_padding=&#8220;0px|0px|0|0px|false|false&#8220; global_colors_info=&#8220;{}&#8220;][et_pb_column type=&#8220;4_4&#8243; _builder_version=&#8220;4.16&#8243; custom_padding=&#8220;|||&#8220; global_colors_info=&#8220;{}&#8220; custom_padding__hover=&#8220;|||&#8220;][et_pb_text _builder_version=&#8220;4.16&#8243; min_height=&#8220;68.8px&#8220; custom_margin=&#8220;||-4px|||&#8220; custom_padding=&#8220;28px||20px|||&#8220; inline_fonts=&#8220;Trebuchet,Verdana,Asul,Abhaya Libre,Abyssinica SIL&#8220; global_colors_info=&#8220;{}&#8220;]<\/p>\n<div><\/div>\n<div><\/div>\n<p style=\"text-align: center;\"><span style=\"font-size: x-large; color: #8300e9;\"><strong><span size=\"5\">Vzk\u0159\u00ed\u0161en\u00ed Lazara a povol\u00e1n\u00ed k p\u00e9\u010di o \u017eivot<\/span><\/strong><\/span><\/p>\n<div><span style=\"font-family: 'Abhaya Libre'; font-weight: normal; font-size: large; color: #000000;\"><strong><\/strong><\/span><\/div>\n<div><span style=\"font-family: 'Abhaya Libre'; font-weight: normal; font-size: large; color: #000000;\"><strong><\/strong><\/span><\/div>\n<div><span style=\"font-family: 'Abhaya Libre'; font-weight: normal; font-size: large; color: #000000;\"><strong><\/strong><\/span><\/div>\n<div><span style=\"font-family: 'Abhaya Libre'; font-weight: normal; font-size: large; color: #000000;\"><strong><\/strong><\/span><\/div>\n<div style=\"text-align: center;\"><em><strong>Cheryl Dugan, \u0159editelka pro Asii, Pacifik a \u010dlensk\u00e9 veden\u00ed, Laudato Si Movement<\/strong><\/em><\/div>\n<div><\/div>\n<div><em><strong><\/strong><\/em><\/div>\n<div><em><strong><\/strong><\/em><\/div>\n<div><em><strong><\/strong><\/em><\/div>\n<div><em><strong><\/strong><\/em><\/div>\n<div><em><strong><\/strong><\/em><\/div>\n<div><span style=\"font-family: 'Abhaya Libre'; font-weight: normal; font-size: large; color: #000000;\"><strong><\/strong><\/span><\/div>\n<p><span style=\"color: #313132; font-size: 13.5pt;\"><\/span><\/p>\n<p>[\/et_pb_text][\/et_pb_column][\/et_pb_row][et_pb_row _builder_version=&#8220;4.16&#8243; custom_margin=&#8220;|auto|21px|auto||&#8220; custom_padding=&#8220;0|0px|2px|0px|false|false&#8220; global_colors_info=&#8220;{}&#8220;][et_pb_column type=&#8220;4_4&#8243; _builder_version=&#8220;4.16&#8243; custom_padding=&#8220;|||&#8220; global_colors_info=&#8220;{}&#8220; custom_padding__hover=&#8220;|||&#8220;][et_pb_text _builder_version=&#8220;4.27.0&#8243; _module_preset=&#8220;default&#8220; custom_padding=&#8220;14px|||||&#8220; inline_fonts=&#8220;Abhaya Libre,ABeeZee&#8220; global_colors_info=&#8220;{}&#8220;]<\/p>\n<p><span style=\"color: #0c71c3; font-family: inherit; font-weight: normal; font-size: medium;\">P\u00e1tou postn\u00ed ned\u011bli stoj\u00edme p\u0159ed Lazarov\u00fdm hrobem (Jan 11,1\u201345). Vzduch je prosycen smutkem. Martina slova jsou bolestn\u011b up\u0159\u00edmn\u00e1: \u201ePane, kdybys tu byl\u2026\u201c A Je\u017e\u00ed\u0161 se nepokou\u0161el situaci narychlo napravit. Plakal. P\u0159ed z\u00e1zrakem je soucit. P\u0159ed p\u0159\u00edkazem je srdce pohnut\u00e9 l\u00e1skou.<\/span><\/p>\n<p>[\/et_pb_text][\/et_pb_column][\/et_pb_row][et_pb_row column_structure=&#8220;1_2,1_2&#8243; _builder_version=&#8220;4.27.4&#8243; _module_preset=&#8220;default&#8220; min_height=&#8220;201px&#8220; custom_padding=&#8220;0px|0px|3px|0px|false|false&#8220; global_colors_info=&#8220;{}&#8220;][et_pb_column type=&#8220;1_2&#8243; _builder_version=&#8220;4.27.4&#8243; _module_preset=&#8220;default&#8220; global_colors_info=&#8220;{}&#8220;][et_pb_text _builder_version=&#8220;4.27.4&#8243; _module_preset=&#8220;default&#8220; custom_padding=&#8220;||0px|||&#8220; global_colors_info=&#8220;{}&#8220;]<\/p>\n<p><span style=\"color: #0c71c3; font-family: inherit; font-size: medium;\">P\u016fst n\u00e1s vyb\u00edz\u00ed k n\u00e1vratu k srdci. V tomto evangeliu se setk\u00e1v\u00e1me se srdcem Kristov\u00fdm, kter\u00e9 nen\u00ed vzd\u00e1len\u00e9 utrpen\u00ed, ale je otev\u0159en\u00e9 a zraniteln\u00e9. Dovoluje si c\u00edtit z\u00e1rmutek truchl\u00edc\u00ed rodiny. Stoj\u00ed p\u0159ed realitou smrti a neodvrac\u00ed zrak.<\/span><\/p>\n<p><span style=\"font-family: inherit; font-weight: normal; color: #0c71c3; font-size: medium;\">Spolu s exhortac\u00ed <em>Dilexit nos<\/em>, 31 se modl\u00edme:<\/span><\/p>\n<blockquote>\n<p><span style=\"font-family: inherit; font-weight: normal; color: #0c71c3; font-size: medium;\">\u201eA\u0165 vyl\u00e9v\u00e1 poklady sv\u00e9ho sv\u011btla a l\u00e1sky, aby n\u00e1\u0161 sv\u011bt\u2026 znovu z\u00edskal to nejd\u016fle\u017eit\u011bj\u0161\u00ed a nejnutn\u011bj\u0161\u00ed ze v\u0161eho: sv\u00e9 srdce.\u201c<\/span><\/p>\n<\/blockquote>\n<p><span style=\"color: #0c71c3; font-family: inherit; font-size: large;\">Odpov\u00eddat na n\u00e1\u0159ek zem\u011b s pozorn\u00fdm srdcem<\/span><\/p>\n<p><span style=\"color: #0c71c3; font-family: inherit; font-size: medium;\"><\/span><\/p>\n<p><span style=\"color: #0c71c3; font-family: inherit; font-size: medium;\">Odpov\u011b\u010f na n\u00e1\u0159ek zem\u011b \u2013 c\u00edl Laudato si\u2019 pro tento t\u00fdden \u2013 za\u010d\u00edn\u00e1 srdcem, kter\u00e9 odm\u00edt\u00e1 lhostejnost. Je to stejn\u00e9 srdce, kter\u00e9 n\u00e1m Kristus ukazuje u Lazarova hrobu: p\u0159\u00edtomn\u00e9 v z\u00e1rmutku, pohnut\u00e9 k l\u00e1sce je\u0161t\u011b p\u0159edt\u00edm, ne\u017e jedn\u00e1. Jsme zv\u00e1ni, abychom odpov\u011bd\u011bli se stejn\u00fdm soucitem a pozornost\u00ed.<\/span><\/p>\n<p><span style=\"font-family: inherit; font-weight: normal; color: #0c71c3; font-size: medium;\"><\/span><\/p>\n<p>[\/et_pb_text][\/et_pb_column][et_pb_column type=&#8220;1_2&#8243; _builder_version=&#8220;4.27.4&#8243; _module_preset=&#8220;default&#8220; global_colors_info=&#8220;{}&#8220;][et_pb_image src=&#8220;https:\/\/www.zitlaudatosi.cz\/wp-content\/uploads\/2026\/03\/coral-reef.jpg&#8220; title_text=&#8220;coral reef&#8220; _builder_version=&#8220;4.27.4&#8243; _module_preset=&#8220;default&#8220; min_height=&#8220;409.3px&#8220; custom_margin=&#8220;1px|||||&#8220; custom_padding=&#8220;0px|||||&#8220; global_colors_info=&#8220;{}&#8220;][\/et_pb_image][\/et_pb_column][\/et_pb_row][et_pb_row _builder_version=&#8220;4.27.4&#8243; _module_preset=&#8220;default&#8220; global_colors_info=&#8220;{}&#8220;][et_pb_column type=&#8220;4_4&#8243; _builder_version=&#8220;4.27.4&#8243; _module_preset=&#8220;default&#8220; global_colors_info=&#8220;{}&#8220;][et_pb_text _builder_version=&#8220;4.27.4&#8243; _module_preset=&#8220;default&#8220; min_height=&#8220;633.5px&#8220; custom_margin=&#8220;||-3px|||&#8220; global_colors_info=&#8220;{}&#8220;]<\/p>\n<p><span style=\"font-family: inherit; font-weight: normal; color: #0c71c3; font-size: medium;\">Dnes se tato v\u00fdzva st\u00e1v\u00e1 skute\u010dnost\u00ed na mnoha m\u00edstech po cel\u00e9m sv\u011bt\u011b.<\/span><\/p>\n<p><span style=\"font-family: inherit; font-weight: normal; color: #0c71c3; font-size: medium;\">V oblasti Dupax del Norte na Filip\u00edn\u00e1ch \u010del\u00ed zem\u011bd\u011blci a domorod\u00e9 komunity velk\u00e9 nejistot\u011b. Jejich \u017eivoty jsou \u00fazce propojeny s \u0159ekami, lesy a p\u016fdou jejich zem\u011b. Kdy\u017e spole\u010dnost se zahrani\u010dn\u00edmi vazbami z\u00edskala povolen\u00ed k pr\u016fzkumu lo\u017eisek nerostn\u00fdch surovin na plo\u0161e 3 100 hektar\u016f, mnoho obyvatel m\u011blo pocit, \u017ee jejich hlasy nebyly pln\u011b vysly\u0161eny.<\/span><\/p>\n<p><span style=\"font-family: inherit; font-weight: normal; color: #0c71c3; font-size: medium;\">Z obavy o svou zemi a budoucnost vytvo\u0159ili \u010dlenov\u00e9 komunity lidskou barik\u00e1du \u2013 prosbu, aby byli vid\u011bni, vysly\u0161eni a chr\u00e1n\u011bni.<\/span><\/p>\n<p><span style=\"font-family: inherit; font-weight: normal; color: #0c71c3; font-size: medium;\">Situace se vyhrotila, kdy\u017e soud na\u0159\u00eddil rozehn\u00e1n\u00ed demonstrant\u016f. Organizace na ochranu ob\u010dansk\u00fdch pr\u00e1v pozd\u011bji informovaly o n\u00e1siln\u00fdch zat\u010den\u00edch a nep\u0159im\u011b\u0159en\u00e9m pou\u017eit\u00ed s\u00edly, v\u010detn\u011b nasazen\u00ed t\u011b\u017ece ozbrojen\u00e9 policie a z\u00e1sahov\u00e9 jednotky SWAT.<\/span><\/p>\n<p><span style=\"font-family: inherit; font-weight: normal; color: #0c71c3; font-size: medium;\">V takov\u00fdch chv\u00edl\u00edch klade evangelium z\u00e1sadn\u00ed ot\u00e1zku:<\/span><\/p>\n<p><span style=\"font-family: inherit; font-weight: normal; color: #0c71c3; font-size: medium;\">Kdo skute\u010dn\u011b naslouch\u00e1?<\/span><\/p>\n<p><span style=\"font-family: inherit; font-weight: normal; color: #0c71c3; font-size: medium;\">Kdo se postav\u00ed na stranu zraniteln\u00fdch komunit a Zem\u011b?<\/span><\/p>\n<p><span style=\"font-family: inherit; font-weight: normal; color: #0c71c3; font-size: medium;\"><\/span><\/p>\n<p><span style=\"font-family: inherit; font-weight: normal; font-size: large; color: #0c71c3;\">Obnoven\u00ed \u017eivota tam, kde je omezen<\/span><\/p>\n<p><span style=\"font-family: inherit; font-weight: normal; font-size: medium; color: #0c71c3;\"><\/span><\/p>\n<p><span style=\"font-family: inherit; font-weight: normal; font-size: medium; color: #0c71c3;\">Je\u017e\u00ed\u0161 stoj\u00edc\u00ed p\u0159ed Lazarov\u00fdm hrobem nepop\u00edr\u00e1 realitu smrti. Pojmenov\u00e1v\u00e1 ji a pl\u00e1\u010de nad n\u00ed. Ale tak\u00e9 vol\u00e1 za jej\u00ed hranice: \u201eLazare, poj\u010f ven!\u201c<\/span><\/p>\n<p><span style=\"font-family: inherit; font-weight: normal; font-size: medium; color: #0c71c3;\">Toto nen\u00ed jen p\u0159\u00edb\u011bh o z\u00e1zraku. Je to zjeven\u00ed toho, k\u00fdm je B\u016fh a k\u00fdm jsme i my povol\u00e1ni se st\u00e1t. Kristovo srdce nep\u0159ij\u00edm\u00e1 smrt jako posledn\u00ed slovo. L\u00e1ska sm\u011b\u0159uje k obnov\u011b. \u017divot je povol\u00e1n, i kdy\u017e se zd\u00e1, \u017ee je sv\u00e1z\u00e1n a poh\u0159ben.<\/span><\/p>\n<p><span style=\"font-family: inherit; font-weight: normal; font-size: medium; color: #0c71c3;\">Kdy\u017e v\u0161ak Lazar vych\u00e1z\u00ed, je st\u00e1le ovinut poh\u0159ebn\u00edm pl\u00e1tnem. Je\u017e\u00ed\u0161 se obrac\u00ed k spole\u010denstv\u00ed: \u201eRozva\u017ete ho a nechte ho j\u00edt.\u201c<\/span><\/p>\n<p><span style=\"font-family: inherit; font-weight: normal; font-size: medium; color: #0c71c3;\">Vzk\u0159\u00ed\u0161en\u00ed vy\u017eaduje aktivn\u00ed \u00fa\u010dast. Vy\u017eaduje ruce ochotn\u00e9 rozv\u00e1zat to, co \u017eivot dus\u00ed. Odpov\u00eddat na vol\u00e1n\u00ed zem\u011b tedy neznamen\u00e1 pouze postavit se proti tomu, co \u0161kod\u00ed stvo\u0159en\u00ed. Znamen\u00e1 to uvol\u0148ovat \u017eivot v\u0161ude tam, kde je sv\u00e1z\u00e1n: obnovovat d\u016fv\u011bru, posilovat dialog a doprov\u00e1zet spole\u010denstv\u00ed v rozli\u0161ov\u00e1n\u00ed. Znamen\u00e1 to odm\u00edtnout cynismus a zvolit si p\u00e9\u010di.<\/span><\/p>\n<p><span style=\"font-family: inherit; font-weight: normal; font-size: large; color: #0c71c3;\"><\/span><\/p>\n<p><span style=\"font-family: inherit; font-weight: normal; font-size: large; color: #0c71c3;\">B\u016fh, kter\u00fd pl\u00e1\u010de, je B\u016fh, kter\u00fd obnovuje n\u00e1\u0161 spole\u010dn\u00fd domov<\/span><\/p>\n<p><span style=\"font-family: inherit; font-weight: normal; font-size: medium; color: #0c71c3;\"><\/span><\/p>\n<p><span style=\"font-family: inherit; font-weight: normal; font-size: medium; color: #0c71c3;\">N\u00e1vrat k srdci znamen\u00e1 kl\u00e1st si obt\u00ed\u017en\u00e9 ot\u00e1zky. Kde jsem otup\u011bl v\u016f\u010di ekologick\u00fdm ztr\u00e1t\u00e1m? Kde jsem p\u0159ijal rozd\u011blen\u00ed a nespravedlnost jako nevyhnuteln\u00e9? Kde jsem zape\u010detil k\u00e1men, proto\u017ee se mi zd\u00e1lo bezpe\u010dn\u011bj\u0161\u00ed nedoufat?<\/span><\/p>\n<p><span style=\"font-family: inherit; font-weight: normal; font-size: medium; color: #0c71c3;\">Kristus st\u00e1le stoj\u00ed p\u0159ed hroby na\u0161\u00ed doby: zdevastovan\u00fdmi ekosyst\u00e9my, uml\u010den\u00fdmi spole\u010denstv\u00edmi, rozbit\u00fdmi vztahy. St\u00e1le pl\u00e1\u010de. Ale tak\u00e9 st\u00e1le vol\u00e1.<\/span><\/p>\n<p><span style=\"font-family: inherit; font-weight: normal; font-size: medium; color: #0c71c3;\">Mo\u017en\u00e1, \u017ee v tomto postn\u00edm obdob\u00ed nen\u00ed pozv\u00e1n\u00edm nejprve v\u0161echno vy\u0159e\u0161it, ale naslouchat hloub\u011bji. Nechat soucit naru\u0161it n\u00e1\u0161 komfort. Dovolit Kristu, aby do na\u0161eho zran\u011bn\u00e9ho sv\u011bta vylil \u201epoklady sv\u00e9ho sv\u011btla a l\u00e1sky\u201c, abychom i my mohli znovu naj\u00edt sv\u00e9 srdce.<\/span><\/p>\n<p><span style=\"font-family: inherit; font-weight: normal; font-size: medium; color: #0c71c3;\">Jak se bl\u00ed\u017e\u00edme ke Svat\u00e9mu t\u00fddnu, pamatujeme si: B\u016fh, kter\u00fd pl\u00e1\u010de, je B\u016fh, kter\u00fd obnovuje. B\u016fh, kter\u00fd vol\u00e1 Lazara, s\u00e1m vystoup\u00ed z hrobu. Smrt nebude m\u00edt posledn\u00ed slovo.<\/span><\/p>\n<p><span style=\"font-family: inherit; font-weight: normal; font-size: medium; color: #0c71c3;\"><\/span><\/p>\n<p><span style=\"font-family: inherit; font-weight: normal; font-size: medium; color: #0c71c3;\">Ot\u00e1zka k zamy\u0161len\u00ed:<\/span><\/p>\n<p><em><span style=\"font-family: inherit; font-weight: normal; font-size: medium; color: #0c71c3;\">Kde vn\u00edm\u00e1m zn\u00e1mky smrti ve stvo\u0159en\u00ed \u2013 a kde jsem zv\u00e1n, abych se staral o \u017eivot?<\/span>\u00a0<\/em><\/p>\n<p>&nbsp;<\/p>\n<p>[\/et_pb_text][\/et_pb_column][\/et_pb_row][et_pb_row _builder_version=&#8220;4.27.4&#8243; _module_preset=&#8220;default&#8220;][et_pb_column _builder_version=&#8220;4.27.4&#8243; _module_preset=&#8220;default&#8220; type=&#8220;4_4&#8243;][et_pb_image src=&#8220;https:\/\/www.zitlaudatosi.cz\/wp-content\/uploads\/2026\/02\/Snimek8.jpg&#8220; _builder_version=&#8220;4.27.4&#8243; _module_preset=&#8220;default&#8220; hover_enabled=&#8220;0&#8243; sticky_enabled=&#8220;0&#8243; title_text=&#8220;Sn\u00edmek8&#8243;][\/et_pb_image][\/et_pb_column][\/et_pb_row][\/et_pb_section]<\/p>\n","protected":false},"excerpt":{"rendered":"<p>Vzk\u0159\u00ed\u0161en\u00ed Lazara a povol\u00e1n\u00ed k p\u00e9\u010di o \u017eivot Cheryl Dugan, \u0159editelka pro Asii, Pacifik a \u010dlensk\u00e9 veden\u00ed, Laudato Si Movement P\u00e1tou postn\u00ed ned\u011bli stoj\u00edme p\u0159ed Lazarov\u00fdm hrobem (Jan 11,1\u201345). Vzduch je prosycen smutkem. Martina slova jsou bolestn\u011b up\u0159\u00edmn\u00e1: \u201ePane, kdybys tu byl\u2026\u201c A Je\u017e\u00ed\u0161 se nepokou\u0161el situaci narychlo napravit. Plakal. P\u0159ed z\u00e1zrakem je soucit. P\u0159ed [&hellip;]<\/p>\n","protected":false},"author":1,"featured_media":3818,"comment_status":"open","ping_status":"open","sticky":false,"template":"","format":"standard","meta":{"_et_pb_use_builder":"on","_et_pb_old_content":"","_et_gb_content_width":""},"categories":[5],"tags":[],"_links":{"self":[{"href":"https:\/\/www.zitlaudatosi.cz\/index.php\/wp-json\/wp\/v2\/posts\/3932"}],"collection":[{"href":"https:\/\/www.zitlaudatosi.cz\/index.php\/wp-json\/wp\/v2\/posts"}],"about":[{"href":"https:\/\/www.zitlaudatosi.cz\/index.php\/wp-json\/wp\/v2\/types\/post"}],"author":[{"embeddable":true,"href":"https:\/\/www.zitlaudatosi.cz\/index.php\/wp-json\/wp\/v2\/users\/1"}],"replies":[{"embeddable":true,"href":"https:\/\/www.zitlaudatosi.cz\/index.php\/wp-json\/wp\/v2\/comments?post=3932"}],"version-history":[{"count":10,"href":"https:\/\/www.zitlaudatosi.cz\/index.php\/wp-json\/wp\/v2\/posts\/3932\/revisions"}],"predecessor-version":[{"id":3961,"href":"https:\/\/www.zitlaudatosi.cz\/index.php\/wp-json\/wp\/v2\/posts\/3932\/revisions\/3961"}],"wp:featuredmedia":[{"embeddable":true,"href":"https:\/\/www.zitlaudatosi.cz\/index.php\/wp-json\/wp\/v2\/media\/3818"}],"wp:attachment":[{"href":"https:\/\/www.zitlaudatosi.cz\/index.php\/wp-json\/wp\/v2\/media?parent=3932"}],"wp:term":[{"taxonomy":"category","embeddable":true,"href":"https:\/\/www.zitlaudatosi.cz\/index.php\/wp-json\/wp\/v2\/categories?post=3932"},{"taxonomy":"post_tag","embeddable":true,"href":"https:\/\/www.zitlaudatosi.cz\/index.php\/wp-json\/wp\/v2\/tags?post=3932"}],"curies":[{"name":"wp","href":"https:\/\/api.w.org\/{rel}","templated":true}]}}