{"id":3907,"date":"2026-03-14T13:24:29","date_gmt":"2026-03-14T13:24:29","guid":{"rendered":"https:\/\/www.zitlaudatosi.cz\/?p=3907"},"modified":"2026-03-14T14:40:37","modified_gmt":"2026-03-14T14:40:37","slug":"pozvani-zpet-do-spolecenstvi","status":"publish","type":"post","link":"https:\/\/www.zitlaudatosi.cz\/index.php\/2026\/03\/14\/pozvani-zpet-do-spolecenstvi\/","title":{"rendered":"Pozv\u00e1n\u00ed zp\u011bt do spole\u010denstv\u00ed"},"content":{"rendered":"<p>[et_pb_section fb_built=&#8220;1&#8243; _builder_version=&#8220;4.16&#8243; custom_padding=&#8220;0|0px|0px|0px|false|false&#8220; global_colors_info=&#8220;{}&#8220;][et_pb_row _builder_version=&#8220;4.16&#8243; custom_margin=&#8220;-42px|auto|-42px|auto|true|&#8220; custom_padding=&#8220;0px|0px|0|0px|false|false&#8220; global_colors_info=&#8220;{}&#8220;][et_pb_column type=&#8220;4_4&#8243; _builder_version=&#8220;4.16&#8243; custom_padding=&#8220;|||&#8220; global_colors_info=&#8220;{}&#8220; custom_padding__hover=&#8220;|||&#8220;][et_pb_text _builder_version=&#8220;4.16&#8243; min_height=&#8220;68.8px&#8220; custom_margin=&#8220;||-4px|||&#8220; custom_padding=&#8220;28px||20px|||&#8220; inline_fonts=&#8220;Trebuchet,Verdana,Asul,Abhaya Libre,Abyssinica SIL&#8220; global_colors_info=&#8220;{}&#8220;]<\/p>\n<div><\/div>\n<div><\/div>\n<p style=\"text-align: center;\"><span style=\"font-size: x-large; color: #8300e9;\"><strong><span size=\"5\">Pozv\u00e1n\u00ed zp\u011bt do spole\u010denstv\u00ed<\/span><\/strong><\/span><\/p>\n<div><span style=\"font-family: 'Abhaya Libre'; font-weight: normal; font-size: large; color: #000000;\"><strong><\/strong><\/span><\/div>\n<div><span style=\"font-family: 'Abhaya Libre'; font-weight: normal; font-size: large; color: #000000;\"><strong><\/strong><\/span><\/div>\n<div><span style=\"font-family: 'Abhaya Libre'; font-weight: normal; font-size: large; color: #000000;\"><strong><\/strong><\/span><\/div>\n<div><span style=\"font-family: 'Abhaya Libre'; font-weight: normal; font-size: large; color: #000000;\"><strong><\/strong><\/span><\/div>\n<div style=\"text-align: center;\"><em><strong>Mirabelle Uma, asistentka pro marketing a rozvoj, Laudato Si Movement<\/strong><\/em><\/div>\n<div><\/div>\n<div><em><strong><\/strong><\/em><\/div>\n<div><em><strong><\/strong><\/em><\/div>\n<div><em><strong><\/strong><\/em><\/div>\n<div><em><strong><\/strong><\/em><\/div>\n<div><em><strong><\/strong><\/em><\/div>\n<div><span style=\"font-family: 'Abhaya Libre'; font-weight: normal; font-size: large; color: #000000;\"><strong><\/strong><\/span><\/div>\n<p><span style=\"color: #313132; font-size: 13.5pt;\"><\/span><\/p>\n<p>[\/et_pb_text][\/et_pb_column][\/et_pb_row][et_pb_row _builder_version=&#8220;4.16&#8243; custom_margin=&#8220;|auto|13px|auto||&#8220; custom_padding=&#8220;0|0px|2px|0px|false|false&#8220; global_colors_info=&#8220;{}&#8220;][et_pb_column type=&#8220;4_4&#8243; _builder_version=&#8220;4.16&#8243; custom_padding=&#8220;|||&#8220; global_colors_info=&#8220;{}&#8220; custom_padding__hover=&#8220;|||&#8220;][et_pb_text _builder_version=&#8220;4.27.0&#8243; _module_preset=&#8220;default&#8220; custom_padding=&#8220;14px|||||&#8220; inline_fonts=&#8220;Abhaya Libre,ABeeZee&#8220; global_colors_info=&#8220;{}&#8220;]<\/p>\n<p><span style=\"color: #0c71c3; font-family: inherit; font-weight: normal; font-size: medium;\">V evangeliu \u010dtvrt\u00e9 postn\u00ed ned\u011ble se Je\u017e\u00ed\u0161 setk\u00e1v\u00e1 s mu\u017eem, kter\u00fd je slep\u00fd od narozen\u00ed. Kdy\u017e ho u\u010dedn\u00edci uvid\u00ed, ptaj\u00ed se Je\u017e\u00ed\u0161e, zda za jeho slepotu m\u016f\u017ee on s\u00e1m, nebo jeho rodi\u010de. Jejich ot\u00e1zka odr\u00e1\u017e\u00ed b\u011b\u017en\u00fd zp\u016fsob, jak\u00fdm se lid\u00e9 sna\u017e\u00ed pochopit utrpen\u00ed t\u00edm, \u017ee hledaj\u00ed p\u0159\u00ed\u010dinu nebo n\u011bkoho, koho by mohli vinit<\/span><span style=\"color: #0c71c3; font-family: inherit; font-weight: normal; font-size: medium;\">. Je\u017e\u00ed\u0161 jim odpov\u00edd\u00e1, \u017ee ani ten mu\u017e, ani jeho rodi\u010de nezh\u0159e\u0161ili. Mu\u017eova slepota nen\u00ed trestem ani mor\u00e1ln\u00edm selh\u00e1n\u00edm. A m\u00edsto toho, aby jim nab\u00eddl vysv\u011btlen\u00ed, Je\u017e\u00ed\u0161 p\u0159esouv\u00e1 pozornost na to, co B\u016fh m\u016f\u017ee u\u010dinit v p\u0159\u00edtomn\u00e9m okam\u017eiku. Vyz\u00fdv\u00e1 je, aby toto setk\u00e1n\u00ed vn\u00edmali jako p\u0159\u00edle\u017eitost k zjeven\u00ed Bo\u017e\u00edho d\u00edla.<\/span><\/p>\n<p><span style=\"color: #0c71c3; font-family: inherit; font-weight: normal; font-size: medium;\"><span style=\"font-family: inherit; font-weight: normal; color: #0c71c3; font-size: large;\">Od slepoty k nov\u00e9mu \u017eivotu: evangelium prom\u011bny<\/span><\/span><\/p>\n<p>[\/et_pb_text][\/et_pb_column][\/et_pb_row][et_pb_row column_structure=&#8220;3_5,2_5&#8243; _builder_version=&#8220;4.27.4&#8243; _module_preset=&#8220;default&#8220; min_height=&#8220;201px&#8220; global_colors_info=&#8220;{}&#8220;][et_pb_column type=&#8220;3_5&#8243; _builder_version=&#8220;4.27.4&#8243; _module_preset=&#8220;default&#8220; global_colors_info=&#8220;{}&#8220;][et_pb_text _builder_version=&#8220;4.27.4&#8243; _module_preset=&#8220;default&#8220; custom_padding=&#8220;||0px|||&#8220; global_colors_info=&#8220;{}&#8220;]<\/p>\n<p><span style=\"color: #0c71c3; font-family: inherit; font-size: medium;\">Je\u017e\u00ed\u0161 mu\u017ee uzdrav\u00ed, ale evangelium to p\u0159edstavuje jako n\u011bco hlub\u0161\u00edho \u2013 nov\u00fd za\u010d\u00e1tek. Uzdraven\u00ed mu\u017ee, kter\u00fd se narodil slep\u00fd, poukazuje na k\u0159estn\u00ed osv\u00edcen\u00ed. Z\u00edsk\u00e1v\u00e1 nejen zrak, ale i novou identitu, a kdy\u017e znovu vid\u00ed, ani jeho soused\u00e9 ho nedok\u00e1\u017eou poznat. N\u011bkte\u0159\u00ed jsou p\u0159esv\u011bd\u010deni, \u017ee je to ten sam\u00fd mu\u017e. Jin\u00ed trvaj\u00ed na tom, \u017ee se mu jen podob\u00e1. Zm\u011bna je tak \u00fapln\u00e1, \u017ee zneklid\u0148uje ty, kte\u0159\u00ed si mysleli, \u017ee ho znaj\u00ed.<\/span><\/p>\n<p><span style=\"color: #0c71c3; font-family: inherit; font-size: medium;\">Jeho nov\u00e9 vid\u011bn\u00ed nevede hned k p\u0159ijet\u00ed. Lid\u00e9 o n\u011bm pochybovali a n\u00e1bo\u017eensk\u00e9 autority ho opakovan\u011b vysl\u00fdchaly. Jeho rodi\u010de se boj\u00ed mluvit otev\u0159en\u011b, dokonce se od n\u011bj distancovali. \u010c\u00edm up\u0159\u00edmn\u011bji o tom, co se mu stalo, mluv\u00ed, t\u00edm v\u00edce se ocit\u00e1 v izolaci. A\u017e je nakonec z komunity vylou\u010den.<\/span><\/p>\n<p><span style=\"font-family: inherit; font-weight: normal; color: #0c71c3; font-size: medium;\">Nov\u00e9 vid\u011bn\u00ed p\u0159in\u00e1\u0161\u00ed jasnost, ale m\u016f\u017ee tak\u00e9 vyvolat nap\u011bt\u00ed. K\u0159est a obr\u00e1cen\u00ed do na\u0161eho \u017eivota nep\u0159id\u00e1vaj\u00ed jen n\u011bco nav\u00edc, ale m\u011bn\u00ed n\u00e1s zp\u016fsobem, kter\u00fd ostatn\u00ed nemus\u00ed pochopit nebo p\u0159ijmout. R\u016fst ve v\u00ed\u0159e m\u016f\u017ee naru\u0161it star\u00e1 o\u010dek\u00e1v\u00e1n\u00ed a vztahy.<\/span><\/p>\n<p>[\/et_pb_text][\/et_pb_column][et_pb_column type=&#8220;2_5&#8243; _builder_version=&#8220;4.27.4&#8243; _module_preset=&#8220;default&#8220; global_colors_info=&#8220;{}&#8220;][et_pb_image src=&#8220;https:\/\/www.zitlaudatosi.cz\/wp-content\/uploads\/2026\/03\/post.jpg&#8220; title_text=&#8220;post&#8220; _builder_version=&#8220;4.27.4&#8243; _module_preset=&#8220;default&#8220; global_colors_info=&#8220;{}&#8220;][\/et_pb_image][\/et_pb_column][\/et_pb_row][et_pb_row _builder_version=&#8220;4.27.4&#8243; _module_preset=&#8220;default&#8220; global_colors_info=&#8220;{}&#8220;][et_pb_column type=&#8220;4_4&#8243; _builder_version=&#8220;4.27.4&#8243; _module_preset=&#8220;default&#8220; global_colors_info=&#8220;{}&#8220;][et_pb_text _builder_version=&#8220;4.27.4&#8243; _module_preset=&#8220;default&#8220; min_height=&#8220;626.5px&#8220; custom_margin=&#8220;||-3px|||&#8220; global_colors_info=&#8220;{}&#8220;]<\/p>\n<p><span style=\"font-family: inherit; font-weight: normal; font-size: medium; color: #0c71c3;\"><\/span><\/p>\n<p><span style=\"font-family: inherit; font-weight: normal; font-size: large; color: #0c71c3;\">Budov\u00e1n\u00ed odoln\u00fdch komunit\u00a0<\/span><\/p>\n<p><span style=\"font-family: inherit; font-weight: normal; font-size: medium; color: #0c71c3;\">Exhortace <em>Dilexit nos<\/em> n\u00e1m p\u0159ipom\u00edn\u00e1, \u017ee posl\u00e1n\u00ed se nikdy nepro\u017e\u00edv\u00e1 v izolaci. Posl\u00e1n\u00ed pro\u017e\u00edv\u00e1me ve spole\u010denstv\u00ed s na\u0161imi komunitami a s celou c\u00edrkv\u00ed. Kdy\u017e se odvrac\u00edme od komunity, odvrac\u00edme se od samotn\u00e9ho Je\u017e\u00ed\u0161e. Kdy\u017e se ke komunit\u011b obrac\u00edme z\u00e1dy, na\u0161e p\u0159\u00e1telstv\u00ed s Je\u017e\u00ed\u0161em ochlazuje. L\u00e1ska k na\u0161im brat\u0159\u00edm a sestr\u00e1m v c\u00edrkvi nen\u00ed voliteln\u00e1. Je to palivo, kter\u00e9 udr\u017euje n\u00e1\u0161 vztah s Kristem.<\/span><\/p>\n<p><span style=\"font-family: inherit; font-weight: normal; font-size: medium; color: #0c71c3;\">Tento spole\u010dn\u00fd z\u00e1vazek nen\u00ed jen projevem v\u00edry, ale tak\u00e9 zp\u016fsobem, jak budovat odoln\u00e9 spole\u010denstv\u00ed. A pr\u00e1v\u011b proto je spole\u010denstv\u00ed j\u00e1drem c\u00edle \u201eOdolnost a pos\u00edlen\u00ed spole\u010denstv\u00ed\u201c. Evangelium n\u00e1m ukazuje, \u017ee odolnost nevznik\u00e1 d\u00edky pravidl\u016fm nebo odstupu, ale d\u00edky p\u0159\u00edtomnosti, doprov\u00e1zen\u00ed a sd\u00edlen\u00e9 odpov\u011bdnosti. Spole\u010denstv\u00ed se st\u00e1vaj\u00ed odoln\u00fdmi, kdy\u017e se lid\u00e9 rozhodnou z\u016fstat, vz\u00e1jemn\u011b se podporovat a tuto podporu zhmotnit.<\/span><\/p>\n<p><span style=\"font-family: inherit; font-weight: normal; font-size: medium; color: #0c71c3;\"><span style=\"font-family: inherit; font-weight: normal; font-size: large; color: #0c71c3;\">Sv\u011bd\u010dit o sv\u011btle\u00a0<\/span><\/span><\/p>\n<p><span style=\"font-family: inherit; font-weight: normal; font-size: medium; color: #0c71c3;\">Evangelium kon\u010d\u00ed okam\u017eikem p\u00e9\u010de a uzn\u00e1n\u00ed. Pot\u00e9, co byl ten mu\u017e vyhn\u00e1n, Je\u017e\u00ed\u0161 ho vyhled\u00e1v\u00e1. Setk\u00e1v\u00e1 se s n\u00edm znovu, zve ho k v\u00ed\u0159e a p\u0159ij\u00edm\u00e1 jeho v\u00edru. To, co komunita nemohla nab\u00eddnout, \u010din\u00ed Je\u017e\u00ed\u0161. Mu\u017e nach\u00e1z\u00ed soun\u00e1le\u017eitost nikoli skrze schv\u00e1len\u00ed \u010di postaven\u00ed, ale skrze vztah s Kristem.<\/span><\/p>\n<p><span style=\"font-family: inherit; font-weight: normal; font-size: medium; color: #0c71c3;\">Na na\u0161\u00ed cest\u011b postn\u00ed dobou n\u00e1s toto evangelium vyb\u00edz\u00ed k zamy\u0161len\u00ed nad na\u0161\u00ed vlastn\u00ed otev\u0159enost\u00ed ke zm\u011bn\u011b. \u017d\u00e1d\u00e1 n\u00e1s, abychom zv\u00e1\u017eili, jak B\u016fh mo\u017en\u00e1 p\u016fsob\u00ed v na\u0161ich \u017eivotech, i kdy\u017e n\u00e1s to stav\u00ed p\u0159ed v\u00fdzvy nebo n\u00e1m to zp\u016fsobuje nep\u0159\u00edjemnosti. P\u0159ipom\u00edn\u00e1 n\u00e1m, \u017ee sm\u011b\u0159ov\u00e1n\u00ed ke sv\u011btlu \u010dasto vy\u017eaduje, abychom opustili zn\u00e1m\u00e9 zp\u016fsoby vid\u011bn\u00ed a d\u016fv\u011b\u0159ovali, \u017ee n\u00e1s B\u016fh vede k nov\u00e9mu \u017eivotu.<\/span><\/p>\n<p><span style=\"font-family: inherit; font-weight: normal; font-size: medium; color: #0c71c3;\">Zastavme se a zamysleme se nad ot\u00e1zkou:<\/span><\/p>\n<p><em><span style=\"font-family: inherit; font-weight: normal; font-size: medium; color: #0c71c3;\">Kam jsem posl\u00e1n, abych sv\u011bd\u010dil o sv\u011btle, kter\u00e9 jsem p\u0159ijal ve sv\u00e9m spole\u010denstv\u00ed?<\/span><\/em><\/p>\n<p>[\/et_pb_text][\/et_pb_column][\/et_pb_row][et_pb_row _builder_version=&#8220;4.27.4&#8243; _module_preset=&#8220;default&#8220; global_colors_info=&#8220;{}&#8220;][et_pb_column type=&#8220;4_4&#8243; _builder_version=&#8220;4.27.4&#8243; _module_preset=&#8220;default&#8220; global_colors_info=&#8220;{}&#8220;][et_pb_image src=&#8220;https:\/\/www.zitlaudatosi.cz\/wp-content\/uploads\/2026\/02\/Snimek7.jpg&#8220; title_text=&#8220;Sn\u00edmek7&#8243; _builder_version=&#8220;4.27.4&#8243; _module_preset=&#8220;default&#8220; global_colors_info=&#8220;{}&#8220;][\/et_pb_image][\/et_pb_column][\/et_pb_row][\/et_pb_section]<\/p>\n","protected":false},"excerpt":{"rendered":"<p>Pozv\u00e1n\u00ed zp\u011bt do spole\u010denstv\u00ed Mirabelle Uma, asistentka pro marketing a rozvoj, Laudato Si Movement V evangeliu \u010dtvrt\u00e9 postn\u00ed ned\u011ble se Je\u017e\u00ed\u0161 setk\u00e1v\u00e1 s mu\u017eem, kter\u00fd je slep\u00fd od narozen\u00ed. Kdy\u017e ho u\u010dedn\u00edci uvid\u00ed, ptaj\u00ed se Je\u017e\u00ed\u0161e, zda za jeho slepotu m\u016f\u017ee on s\u00e1m, nebo jeho rodi\u010de. Jejich ot\u00e1zka odr\u00e1\u017e\u00ed b\u011b\u017en\u00fd zp\u016fsob, jak\u00fdm se lid\u00e9 sna\u017e\u00ed [&hellip;]<\/p>\n","protected":false},"author":1,"featured_media":3817,"comment_status":"open","ping_status":"open","sticky":false,"template":"","format":"standard","meta":{"_et_pb_use_builder":"on","_et_pb_old_content":"","_et_gb_content_width":""},"categories":[5],"tags":[],"_links":{"self":[{"href":"https:\/\/www.zitlaudatosi.cz\/index.php\/wp-json\/wp\/v2\/posts\/3907"}],"collection":[{"href":"https:\/\/www.zitlaudatosi.cz\/index.php\/wp-json\/wp\/v2\/posts"}],"about":[{"href":"https:\/\/www.zitlaudatosi.cz\/index.php\/wp-json\/wp\/v2\/types\/post"}],"author":[{"embeddable":true,"href":"https:\/\/www.zitlaudatosi.cz\/index.php\/wp-json\/wp\/v2\/users\/1"}],"replies":[{"embeddable":true,"href":"https:\/\/www.zitlaudatosi.cz\/index.php\/wp-json\/wp\/v2\/comments?post=3907"}],"version-history":[{"count":10,"href":"https:\/\/www.zitlaudatosi.cz\/index.php\/wp-json\/wp\/v2\/posts\/3907\/revisions"}],"predecessor-version":[{"id":3923,"href":"https:\/\/www.zitlaudatosi.cz\/index.php\/wp-json\/wp\/v2\/posts\/3907\/revisions\/3923"}],"wp:featuredmedia":[{"embeddable":true,"href":"https:\/\/www.zitlaudatosi.cz\/index.php\/wp-json\/wp\/v2\/media\/3817"}],"wp:attachment":[{"href":"https:\/\/www.zitlaudatosi.cz\/index.php\/wp-json\/wp\/v2\/media?parent=3907"}],"wp:term":[{"taxonomy":"category","embeddable":true,"href":"https:\/\/www.zitlaudatosi.cz\/index.php\/wp-json\/wp\/v2\/categories?post=3907"},{"taxonomy":"post_tag","embeddable":true,"href":"https:\/\/www.zitlaudatosi.cz\/index.php\/wp-json\/wp\/v2\/tags?post=3907"}],"curies":[{"name":"wp","href":"https:\/\/api.w.org\/{rel}","templated":true}]}}