{"id":3889,"date":"2026-02-28T09:52:02","date_gmt":"2026-02-28T09:52:02","guid":{"rendered":"https:\/\/www.zitlaudatosi.cz\/?p=3889"},"modified":"2026-03-14T10:22:10","modified_gmt":"2026-03-14T10:22:10","slug":"jak-kontemplace-meni-nas-pohled","status":"publish","type":"post","link":"https:\/\/www.zitlaudatosi.cz\/index.php\/2026\/02\/28\/jak-kontemplace-meni-nas-pohled\/","title":{"rendered":"Jak kontemplace m\u011bn\u00ed n\u00e1\u0161 pohled"},"content":{"rendered":"<p>[et_pb_section fb_built=&#8220;1&#8243; _builder_version=&#8220;4.16&#8243; custom_padding=&#8220;0|0px|0px|0px|false|false&#8220; global_colors_info=&#8220;{}&#8220;][et_pb_row _builder_version=&#8220;4.16&#8243; custom_margin=&#8220;-42px|auto|-42px|auto|true|&#8220; custom_padding=&#8220;0px|0px|0|0px|false|false&#8220; global_colors_info=&#8220;{}&#8220;][et_pb_column type=&#8220;4_4&#8243; _builder_version=&#8220;4.16&#8243; custom_padding=&#8220;|||&#8220; global_colors_info=&#8220;{}&#8220; custom_padding__hover=&#8220;|||&#8220;][et_pb_text _builder_version=&#8220;4.27.4&#8243; min_height=&#8220;68.8px&#8220; custom_margin=&#8220;||-4px|||&#8220; custom_padding=&#8220;28px||20px|||&#8220; inline_fonts=&#8220;Trebuchet,Verdana,Asul,Abhaya Libre,Abyssinica SIL&#8220; global_colors_info=&#8220;{}&#8220;]<\/p>\n<div><\/div>\n<div><\/div>\n<p style=\"text-align: center;\"><span style=\"font-size: x-large; color: #8300e9;\"><strong><span size=\"5\">Prom\u011bn\u011bn\u00ed: Jak kontemplace m\u011bn\u00ed n\u00e1\u0161 pohled<\/span><\/strong><\/span><\/p>\n<div><span style=\"font-family: 'Abhaya Libre'; font-weight: normal; font-size: large; color: #000000;\"><strong><\/strong><\/span><\/div>\n<div><span style=\"font-family: 'Abhaya Libre'; font-weight: normal; font-size: large; color: #000000;\"><strong><\/strong><\/span><\/div>\n<div><span style=\"font-family: 'Abhaya Libre'; font-weight: normal; font-size: large; color: #000000;\"><strong><\/strong><\/span><\/div>\n<div><span style=\"font-family: 'Abhaya Libre'; font-weight: normal; font-size: large; color: #000000;\"><strong><\/strong><\/span><\/div>\n<div style=\"text-align: center;\"><em><strong><span>Priscila Vintimilla, glob\u00e1ln\u00ed mana\u017eerka pro data, Laudato Si Movement<\/span><\/strong><\/em><\/div>\n<div><\/div>\n<div><em><strong><\/strong><\/em><\/div>\n<div><em><strong><\/strong><\/em><\/div>\n<div><em><strong><\/strong><\/em><\/div>\n<div><em><strong><\/strong><\/em><\/div>\n<div><em><strong><\/strong><\/em><\/div>\n<div><span style=\"font-family: 'Abhaya Libre'; font-weight: normal; font-size: large; color: #000000;\"><strong><\/strong><\/span><\/div>\n<p><span style=\"color: #313132; font-size: 13.5pt;\"><\/span><\/p>\n<p>[\/et_pb_text][\/et_pb_column][\/et_pb_row][et_pb_row _builder_version=&#8220;4.16&#8243; custom_margin=&#8220;|auto|21px|auto||&#8220; custom_padding=&#8220;0|0px|2px|0px|false|false&#8220; global_colors_info=&#8220;{}&#8220;][et_pb_column type=&#8220;4_4&#8243; _builder_version=&#8220;4.16&#8243; custom_padding=&#8220;|||&#8220; global_colors_info=&#8220;{}&#8220; custom_padding__hover=&#8220;|||&#8220;][et_pb_text _builder_version=&#8220;4.27.0&#8243; _module_preset=&#8220;default&#8220; custom_padding=&#8220;14px|||||&#8220; inline_fonts=&#8220;Abhaya Libre,ABeeZee&#8220; global_colors_info=&#8220;{}&#8220;]<\/p>\n<p><span style=\"color: #0c71c3; font-family: inherit; font-weight: normal; font-size: medium;\"><span>V\u011b\u0159\u00edte Bohu bezv\u00fdhradn\u011b?<\/span><\/span><\/p>\n<p><span style=\"color: #0c71c3; font-family: inherit; font-weight: normal; font-size: medium;\">J\u00e1 ano. Ale v\u017edy tomu tak nebylo.<\/span><\/p>\n<p><span style=\"color: #0c71c3; font-family: inherit; font-weight: normal; font-size: medium;\">\u017dijeme obklopeni vn\u011bj\u0161\u00edm i vnit\u0159n\u00edm hlukem. Neust\u00e1l\u00fd p\u0159\u00edval zpr\u00e1v, povinnost\u00ed, srovn\u00e1v\u00e1n\u00ed, o\u010dek\u00e1v\u00e1n\u00ed, obav. Je snadn\u00e9 proplouvat \u017eivotem na autopilota, odpojeni od vlastn\u00edho srdce i od tich\u00e9 Bo\u017e\u00ed p\u0159\u00edtomnosti.<\/span><\/p>\n<p>[\/et_pb_text][\/et_pb_column][\/et_pb_row][et_pb_row column_structure=&#8220;1_2,1_2&#8243; _builder_version=&#8220;4.27.4&#8243; _module_preset=&#8220;default&#8220; min_height=&#8220;199px&#8220; custom_margin=&#8220;-11px|auto|-42px|auto||&#8220; custom_padding=&#8220;1px|0px|0px|0px|false|false&#8220; global_colors_info=&#8220;{}&#8220;][et_pb_column type=&#8220;1_2&#8243; _builder_version=&#8220;4.27.4&#8243; _module_preset=&#8220;default&#8220; global_colors_info=&#8220;{}&#8220;][et_pb_text _builder_version=&#8220;4.27.4&#8243; _module_preset=&#8220;default&#8220; min_height=&#8220;298px&#8220; custom_margin=&#8220;||-1px|||&#8220; custom_padding=&#8220;||4px|||&#8220; global_colors_info=&#8220;{}&#8220;]<\/p>\n<p><span style=\"font-size: 16px; color: #0c71c3; font-family: inherit;\">V evangeliu 2. postn\u00ed ned\u011ble (Mt 17, 1-9) bere Je\u017e\u00ed\u0161 Petra, Jakuba a Jana na vysokou horu. Tam, v tichu a daleko od dav\u016f, se p\u0159ed nimi prom\u011b\u0148uje. Jeho tv\u00e1\u0159 z\u00e1\u0159\u00ed jako slunce. Jeho \u0161aty se st\u00e1vaj\u00ed oslniv\u011b b\u00edl\u00e9. Na okam\u017eik se zved\u00e1 z\u00e1voj a oni zahl\u00e9dnou Jeho bo\u017eskou sl\u00e1vu.<\/span><\/p>\n<p><span style=\"font-size: 16px; color: #0c71c3; font-family: inherit;\"><span>Ale Petr, pohrou\u017een\u00fd do sv\u00fdch vnit\u0159n\u00edch my\u0161lenek, tam chce z\u016fstat. \u201ePane, je dobr\u00e9, \u017ee jsme tady.\u201c Navrhuje postavit stany, jako by se tento z\u00e1\u017eitek dal uchovat, uzav\u0159\u00edt, zajistit.<\/span><\/span><\/p>\n<p><span style=\"font-size: 16px; color: #0c71c3; font-family: inherit;\"><span>Pak to p\u0159eru\u0161\u00ed hlas Otce: \u201eToto je m\u016fj milovan\u00fd Syn\u2026 poslouchejte ho.\u201c<\/span><\/span><\/p>\n<p><span style=\"font-size: 16px; color: #0c71c3; font-family: inherit;\"><span>POSLOUCHEJTE.<\/span><\/span><\/p>\n<p><span style=\"font-family: inherit; font-weight: normal; font-size: large; color: #0c71c3;\"><span>P\u016fst a kontemplace: N\u00e1vrat k srdci<\/span><\/span><\/p>\n<p><span style=\"font-family: inherit; font-weight: normal; color: #0c71c3; font-size: medium;\"><span>B\u011bhem t\u00e9to postn\u00ed cesty n\u00e1s hnut\u00ed Laudato Si\u2019 zve k n\u00e1vratu k srdci. Prom\u011bn\u011bn\u00ed P\u00e1n\u011b n\u00e1m p\u0159ipom\u00edn\u00e1, \u017ee kontemplace nen\u00ed \u00fat\u011bk; je to prom\u011bna. Kdy\u017e se zastav\u00edme, kdy\u017e vstoup\u00edme do ticha, n\u00e1\u0161 pohled se m\u011bn\u00ed.<\/span><\/span><\/p>\n<p><span style=\"font-family: inherit; font-weight: normal; color: #0c71c3; font-size: medium;\"><\/span><\/p>\n<p>[\/et_pb_text][\/et_pb_column][et_pb_column type=&#8220;1_2&#8243; _builder_version=&#8220;4.27.4&#8243; _module_preset=&#8220;default&#8220; global_colors_info=&#8220;{}&#8220;][et_pb_image src=&#8220;https:\/\/www.zitlaudatosi.cz\/wp-content\/uploads\/2026\/03\/v-tichu.jpg&#8220; title_text=&#8220;v tichu&#8220; _builder_version=&#8220;4.27.4&#8243; _module_preset=&#8220;default&#8220; custom_margin=&#8220;-2px|||||&#8220; global_colors_info=&#8220;{}&#8220;][\/et_pb_image][\/et_pb_column][\/et_pb_row][et_pb_row _builder_version=&#8220;4.27.4&#8243; _module_preset=&#8220;default&#8220; min_height=&#8220;941.4px&#8220; custom_margin=&#8220;-201px|auto|-42px|auto||&#8220; custom_padding=&#8220;107px|0px|3px|0px|false|false&#8220; global_colors_info=&#8220;{}&#8220;][et_pb_column type=&#8220;4_4&#8243; _builder_version=&#8220;4.27.4&#8243; _module_preset=&#8220;default&#8220; global_colors_info=&#8220;{}&#8220;][et_pb_text _builder_version=&#8220;4.27.4&#8243; _module_preset=&#8220;default&#8220; min_height=&#8220;677.5px&#8220; custom_margin=&#8220;-14px||-3px|||&#8220; global_colors_info=&#8220;{}&#8220;]<\/p>\n<blockquote>\n<p><span style=\"font-family: inherit; font-weight: normal; color: #0c71c3; font-size: medium;\"><\/span><\/p>\n<p><span style=\"font-family: inherit; font-weight: normal; color: #0c71c3; font-size: medium;\"><\/span><\/p>\n<\/blockquote>\n<p><span style=\"font-family: inherit; font-weight: normal; color: #0c71c3; font-size: medium;\"><span>Pape\u017e Franti\u0161ek p\u00ed\u0161e v exhortaci <em>Dilexit nos<\/em>, odstavec 81<\/span>:<\/span><\/p>\n<blockquote>\n<p><span style=\"color: #0c71c3; font-family: inherit; font-size: medium;\">&#8222;Ka\u017ed\u00fd \u010dlov\u011bk pot\u0159ebuje pro sv\u016fj \u017eivot \u201ast\u0159ed\u2018, zdroj pravdy a dobra, z n\u011bho\u017e m\u016f\u017ee \u010derpat v ud\u00e1lostech, situac\u00edch a z\u00e1pasech ka\u017edodenn\u00edho \u017eivota\u2026 p\u0159\u00edtomnost Krista, srdce sv\u011bta<\/span><span style=\"color: #0c71c3; font-family: inherit; font-size: medium;\">.&#8220;<\/span><\/p>\n<\/blockquote>\n<p><span style=\"font-family: inherit; font-weight: normal; color: #0c71c3; font-size: medium;\">N\u00e1vrat k srdci znamen\u00e1 znovuobjevit tento st\u0159ed. Znamen\u00e1 to dovolit Kristu, Srdci sv\u011bta, aby formoval to, jak vn\u00edm\u00e1me Boha, druh\u00e9 a stvo\u0159en\u00ed.<\/span><\/p>\n<p><span style=\"font-family: inherit; font-weight: normal; font-size: large; color: #0c71c3;\"><span>Vid\u011bt nov\u00fdm pohledem: Prom\u011bn\u011bn\u00ed a ekologick\u00e1 v\u00fdchova<\/span><\/span><\/p>\n<p><span style=\"font-family: inherit; font-weight: normal; font-size: medium; color: #0c71c3;\"><span>U\u010dedn\u00edci pot\u0159ebovali spat\u0159it Kristovo sv\u011btlo, ne\u017e vykro\u010dili vst\u0159\u00edc temnot\u011b Utrpen\u00ed. Stejn\u011b tak i my pot\u0159ebujeme chv\u00edle rozj\u00edm\u00e1n\u00ed, abychom mohli odv\u00e1\u017en\u011b \u017e\u00edt ve sv\u011bt\u011b poznamenan\u00e9m ekologickou kriz\u00ed, nerovnost\u00ed a nejistotou<\/span><span>.<\/span><\/span><\/p>\n<p><span style=\"font-family: inherit; font-weight: normal; font-size: medium; color: #0c71c3;\"><span>Pr\u00e1v\u011b zde se st\u00e1v\u00e1 nezbytnou ekologick\u00e1 v\u00fdchova \u2013 c\u00edl Laudato si\u2019 pro tento t\u00fdden.<\/span><\/span><\/p>\n<p><span style=\"font-family: inherit; font-weight: normal; font-size: medium; color: #0c71c3;\"><span>Ekologick\u00e1 v\u00fdchova nen\u00ed jen o u\u010den\u00ed se fakt\u016f o klimatick\u00e9 zm\u011bn\u011b nebo ztr\u00e1t\u011b biologick\u00e9 rozmanitosti. Je o formov\u00e1n\u00ed nov\u00e9ho zp\u016fsobu vid\u011bn\u00ed. Vyz\u00fdv\u00e1 n\u00e1s, abychom p\u0159ehodnotili na\u0161e instituce, na\u0161e \u0161koly, na\u0161e rodiny a na\u0161e spole\u010denstv\u00ed ve sv\u011btle integr\u00e1ln\u00ed ekologie. Podporuje veden\u00ed, kreativitu, obnovu a spravedlnost.<\/span><\/span><\/p>\n<p><span style=\"font-family: inherit; font-weight: normal; font-size: medium; color: #0c71c3;\"><span>Nic z toho v\u0161ak nen\u00ed mo\u017en\u00e9 bez p\u0159edchoz\u00ed vnit\u0159n\u00ed prom\u011bny.<\/span><\/span><\/p>\n<p><span style=\"font-family: inherit; font-weight: normal; font-size: medium; color: #0c71c3;\"><span>Kdy\u017e rozj\u00edm\u00e1me o prom\u011bn\u011bn\u00e9m Kristu, n\u00e1\u0161 pohled se o\u010di\u0161\u0165uje. Za\u010d\u00edn\u00e1me vn\u00edmat stvo\u0159en\u00ed nikoli jako zdroj k vyko\u0159is\u0165ov\u00e1n\u00ed, ale jako dar. Vid\u00edme druh\u00e9 nikoli jako konkurenty, ale jako sestry a bratry. Vn\u00edm\u00e1me n\u00e1\u0161 spole\u010dn\u00fd domov jako posv\u00e1tnou p\u016fdu.<\/span><\/span><\/p>\n<p><span style=\"font-family: inherit; font-weight: normal; font-size: medium; color: #0c71c3;\"><span><span style=\"font-family: inherit; font-weight: normal; font-size: large; color: #0c71c3;\">Katolick\u00fd rodinn\u00fd \u017eivot a postn\u00ed obr\u00e1cen\u00ed<\/span><\/span><\/span><\/p>\n<p><span style=\"font-family: inherit; font-weight: normal; font-size: medium; color: #0c71c3;\"><span>Jako matka a katoli\u010dka \u010dasto p\u0159em\u00fd\u0161l\u00edm o tom, jak\u00fd odkaz po sob\u011b zanech\u00e1m. V\u00fdchova za\u010d\u00edn\u00e1 doma. Co sv\u00fdm jedn\u00e1n\u00edm sv\u00fdm dcer\u00e1m p\u0159ed\u00e1v\u00e1m?<\/span><\/span><\/p>\n<p><span style=\"font-family: inherit; font-weight: normal; font-size: medium; color: #0c71c3;\"><span>Vid\u00ed ve mn\u011b m\u00e9 dcery n\u011bkoho, kdo naslouch\u00e1 Kristu?<\/span><\/span><\/p>\n<p><span style=\"font-family: inherit; font-weight: normal; font-size: medium; color: #0c71c3;\"><span>N\u011bkoho, komu le\u017e\u00ed na srdci stvo\u0159en\u00ed?<\/span><\/span><\/p>\n<p><span style=\"font-family: inherit; font-weight: normal; font-size: medium; color: #0c71c3;\"><span>N\u011bkoho, kdo jedn\u00e1 s nad\u011bj\u00ed?<\/span><\/span><\/p>\n<p><span style=\"font-family: inherit; font-weight: normal; font-size: medium; color: #0c71c3;\"><span>P\u016fst nen\u00ed jen o ob\u011btov\u00e1n\u00ed. Je o prom\u011bn\u011b \u2013 o tom, \u017ee dovol\u00edme Kristovu sv\u011btlu, aby osv\u011btlovalo na\u0161e ka\u017edodenn\u00ed rozhodnut\u00ed.<\/span><\/span><\/p>\n<p><span style=\"font-family: inherit; font-weight: normal; font-size: medium; color: #0c71c3;\"><span><span style=\"font-family: inherit; font-weight: normal; font-size: large; color: #0c71c3;\">Od kontemplace k posl\u00e1n\u00ed: Sestup z hory<\/span><\/span><\/span><\/p>\n<p><span style=\"font-family: inherit; font-weight: normal; font-size: medium; color: #0c71c3;\"><span>Prom\u011bn\u011bn\u00ed nekon\u010d\u00ed na ho\u0159e.<\/span><\/span><\/p>\n<p><span style=\"font-family: inherit; font-weight: normal; font-size: medium; color: #0c71c3;\"><span>Kon\u010d\u00ed sestupem.<\/span><\/span><\/p>\n<p><span style=\"font-family: inherit; font-weight: normal; font-size: medium; color: #0c71c3;\"><span>Je\u017e\u00ed\u0161 jim \u0159\u00edk\u00e1, aby se neb\u00e1li. Mus\u00ed sej\u00edt dol\u016f \u2013 zp\u011bt do sv\u011bta.<\/span><\/span><\/p>\n<p><span style=\"font-family: inherit; font-weight: normal; font-size: medium; color: #0c71c3;\"><span>Kontemplace vede k posl\u00e1n\u00ed.<\/span><\/span><\/p>\n<p><span style=\"font-family: inherit; font-weight: normal; font-size: medium; color: #0c71c3;\"><span>V tuto druhou postn\u00ed ned\u011bli jsme vyzv\u00e1ni, abychom se zeptali:<\/span><\/span><\/p>\n<p><span style=\"font-family: inherit; font-weight: normal; font-size: medium; color: #0c71c3;\"><span>Kde jsem zv\u00e1n k tomu, abych naslouchal Kristu hloub\u011bji a dovolil Jeho sv\u011btlu formovat zp\u016fsob, jak\u00fdm vn\u00edm\u00e1m Boha, stvo\u0159en\u00ed a ostatn\u00ed?<\/span><\/span><\/p>\n<p><span style=\"font-family: inherit; font-weight: normal; font-size: medium; color: #0c71c3;\"><span>Mo\u017en\u00e1 odpov\u011b\u010f za\u010d\u00edn\u00e1 v tichu.<\/span><\/span><\/p>\n<p><span style=\"font-family: inherit; font-weight: normal; font-size: medium; color: #0c71c3;\"><span>Ve zvuku v\u011btru v korun\u00e1ch strom\u016f.<\/span><\/span><\/p>\n<p><span style=\"font-family: inherit; font-weight: normal; font-size: medium; color: #0c71c3;\"><span>V tlukotu na\u0161eho vlastn\u00edho srdce.<\/span><\/span><\/p>\n<p><span style=\"font-family: inherit; font-weight: normal; font-size: medium; color: #0c71c3;\"><span>A v tich\u00e9m uji\u0161t\u011bn\u00ed Krista, kter\u00fd se n\u00e1s dot\u00fdk\u00e1 a \u0159\u00edk\u00e1:<\/span><\/span><\/p>\n<p><span style=\"font-family: inherit; font-weight: normal; font-size: medium; color: #0c71c3;\"><span>\u201eVsta\u0148te a nebojte se.\u201c<\/span><\/span><\/p>\n<p><span style=\"font-family: inherit; font-weight: normal; font-size: medium; color: #0c71c3;\"><span><\/span><\/span><\/p>\n<p>&nbsp;<\/p>\n<p>[\/et_pb_text][\/et_pb_column][\/et_pb_row][et_pb_row _builder_version=&#8220;4.27.4&#8243; _module_preset=&#8220;default&#8220; global_colors_info=&#8220;{}&#8220;][et_pb_column type=&#8220;4_4&#8243; _builder_version=&#8220;4.27.4&#8243; _module_preset=&#8220;default&#8220; global_colors_info=&#8220;{}&#8220;][et_pb_image src=&#8220;https:\/\/www.zitlaudatosi.cz\/wp-content\/uploads\/2026\/02\/Snimek5.jpg&#8220; title_text=&#8220;Sn\u00edmek5&#8243; _builder_version=&#8220;4.27.4&#8243; _module_preset=&#8220;default&#8220; global_colors_info=&#8220;{}&#8220;][\/et_pb_image][\/et_pb_column][\/et_pb_row][\/et_pb_section]<\/p>\n","protected":false},"excerpt":{"rendered":"<p>Prom\u011bn\u011bn\u00ed: Jak kontemplace m\u011bn\u00ed n\u00e1\u0161 pohled Priscila Vintimilla, glob\u00e1ln\u00ed mana\u017eerka pro data, Laudato Si Movement V\u011b\u0159\u00edte Bohu bezv\u00fdhradn\u011b? J\u00e1 ano. Ale v\u017edy tomu tak nebylo. \u017dijeme obklopeni vn\u011bj\u0161\u00edm i vnit\u0159n\u00edm hlukem. Neust\u00e1l\u00fd p\u0159\u00edval zpr\u00e1v, povinnost\u00ed, srovn\u00e1v\u00e1n\u00ed, o\u010dek\u00e1v\u00e1n\u00ed, obav. Je snadn\u00e9 proplouvat \u017eivotem na autopilota, odpojeni od vlastn\u00edho srdce i od tich\u00e9 Bo\u017e\u00ed p\u0159\u00edtomnosti.V evangeliu 2. [&hellip;]<\/p>\n","protected":false},"author":1,"featured_media":3815,"comment_status":"open","ping_status":"open","sticky":false,"template":"","format":"standard","meta":{"_et_pb_use_builder":"on","_et_pb_old_content":"","_et_gb_content_width":""},"categories":[5],"tags":[],"_links":{"self":[{"href":"https:\/\/www.zitlaudatosi.cz\/index.php\/wp-json\/wp\/v2\/posts\/3889"}],"collection":[{"href":"https:\/\/www.zitlaudatosi.cz\/index.php\/wp-json\/wp\/v2\/posts"}],"about":[{"href":"https:\/\/www.zitlaudatosi.cz\/index.php\/wp-json\/wp\/v2\/types\/post"}],"author":[{"embeddable":true,"href":"https:\/\/www.zitlaudatosi.cz\/index.php\/wp-json\/wp\/v2\/users\/1"}],"replies":[{"embeddable":true,"href":"https:\/\/www.zitlaudatosi.cz\/index.php\/wp-json\/wp\/v2\/comments?post=3889"}],"version-history":[{"count":10,"href":"https:\/\/www.zitlaudatosi.cz\/index.php\/wp-json\/wp\/v2\/posts\/3889\/revisions"}],"predecessor-version":[{"id":3906,"href":"https:\/\/www.zitlaudatosi.cz\/index.php\/wp-json\/wp\/v2\/posts\/3889\/revisions\/3906"}],"wp:featuredmedia":[{"embeddable":true,"href":"https:\/\/www.zitlaudatosi.cz\/index.php\/wp-json\/wp\/v2\/media\/3815"}],"wp:attachment":[{"href":"https:\/\/www.zitlaudatosi.cz\/index.php\/wp-json\/wp\/v2\/media?parent=3889"}],"wp:term":[{"taxonomy":"category","embeddable":true,"href":"https:\/\/www.zitlaudatosi.cz\/index.php\/wp-json\/wp\/v2\/categories?post=3889"},{"taxonomy":"post_tag","embeddable":true,"href":"https:\/\/www.zitlaudatosi.cz\/index.php\/wp-json\/wp\/v2\/tags?post=3889"}],"curies":[{"name":"wp","href":"https:\/\/api.w.org\/{rel}","templated":true}]}}