{"id":3870,"date":"2026-03-06T16:16:33","date_gmt":"2026-03-06T16:16:33","guid":{"rendered":"https:\/\/www.zitlaudatosi.cz\/?p=3870"},"modified":"2026-03-06T16:37:49","modified_gmt":"2026-03-06T16:37:49","slug":"zizen-po-bohu","status":"publish","type":"post","link":"https:\/\/www.zitlaudatosi.cz\/index.php\/2026\/03\/06\/zizen-po-bohu\/","title":{"rendered":"\u017d\u00edze\u0148 po Bohu"},"content":{"rendered":"<p>[et_pb_section fb_built=&#8220;1&#8243; _builder_version=&#8220;4.16&#8243; custom_padding=&#8220;0|0px|0px|0px|false|false&#8220; global_colors_info=&#8220;{}&#8220;][et_pb_row _builder_version=&#8220;4.16&#8243; custom_margin=&#8220;-42px|auto|-42px|auto|true|&#8220; custom_padding=&#8220;0px|0px|0|0px|false|false&#8220; global_colors_info=&#8220;{}&#8220;][et_pb_column type=&#8220;4_4&#8243; _builder_version=&#8220;4.16&#8243; custom_padding=&#8220;|||&#8220; global_colors_info=&#8220;{}&#8220; custom_padding__hover=&#8220;|||&#8220;][et_pb_text _builder_version=&#8220;4.27.4&#8243; min_height=&#8220;68.8px&#8220; custom_margin=&#8220;||-4px|||&#8220; custom_padding=&#8220;28px||20px|||&#8220; inline_fonts=&#8220;Trebuchet,Verdana,Asul,Abhaya Libre,Abyssinica SIL&#8220; global_colors_info=&#8220;{}&#8220;]<\/p>\n<div><\/div>\n<div><\/div>\n<p style=\"text-align: center;\"><span style=\"font-size: x-large; color: #8300e9;\"><strong><span size=\"5\">Sama\u0159sk\u00e1 \u017eena: \u017d\u00edze\u0148 po Bohu<\/span><\/strong><\/span><\/p>\n<div><span style=\"font-family: 'Abhaya Libre'; font-weight: normal; font-size: large; color: #000000;\"><strong><\/strong><\/span><\/div>\n<div><span style=\"font-family: 'Abhaya Libre'; font-weight: normal; font-size: large; color: #000000;\"><strong><\/strong><\/span><\/div>\n<div><span style=\"font-family: 'Abhaya Libre'; font-weight: normal; font-size: large; color: #000000;\"><strong><\/strong><\/span><\/div>\n<div><span style=\"font-family: 'Abhaya Libre'; font-weight: normal; font-size: large; color: #000000;\"><strong><\/strong><\/span><\/div>\n<div style=\"text-align: center;\"><em><strong><span>Steven Fisher, Laudato Si\u2019 Action Platform<\/span><\/strong><\/em><\/div>\n<div><\/div>\n<div><em><strong><\/strong><\/em><\/div>\n<div><em><strong><\/strong><\/em><\/div>\n<div><em><strong><\/strong><\/em><\/div>\n<div><em><strong><\/strong><\/em><\/div>\n<div><em><strong><\/strong><\/em><\/div>\n<div><span style=\"font-family: 'Abhaya Libre'; font-weight: normal; font-size: large; color: #000000;\"><strong><\/strong><\/span><\/div>\n<p><span style=\"color: #313132; font-size: 13.5pt;\"><\/span><\/p>\n<p>[\/et_pb_text][\/et_pb_column][\/et_pb_row][et_pb_row _builder_version=&#8220;4.16&#8243; custom_margin=&#8220;|auto|21px|auto||&#8220; custom_padding=&#8220;0|0px|2px|0px|false|false&#8220; global_colors_info=&#8220;{}&#8220;][et_pb_column type=&#8220;4_4&#8243; _builder_version=&#8220;4.16&#8243; custom_padding=&#8220;|||&#8220; global_colors_info=&#8220;{}&#8220; custom_padding__hover=&#8220;|||&#8220;][et_pb_text _builder_version=&#8220;4.27.0&#8243; _module_preset=&#8220;default&#8220; custom_padding=&#8220;14px|||||&#8220; inline_fonts=&#8220;Abhaya Libre,ABeeZee&#8220; global_colors_info=&#8220;{}&#8220;]<\/p>\n<p><span style=\"color: #0c71c3; font-family: inherit; font-weight: normal; font-size: medium;\"><span>P\u00e1r blok\u016f od m\u00e9ho domu v Mexico City je m\u00edsto, kam lid\u00e9 p\u0159ich\u00e1zej\u00ed s mnoha v\u011bcmi. N\u011bkte\u0159\u00ed p\u0159ich\u00e1zej\u00ed s plastov\u00fdmi ta\u0161kami, ve kter\u00fdch maj\u00ed v\u0161e, co vlastn\u00ed. Jin\u00ed p\u0159ich\u00e1zej\u00ed s d\u011btmi, kter\u00e9 jsou neklidn\u00e9, zv\u011bdav\u00e9 nebo u\u017e unaven\u00e9 z toho, \u017ee mus\u00ed \u010dekat. N\u011bkte\u0159\u00ed sem p\u0159ich\u00e1zej\u00ed z osam\u011blosti, jin\u00ed z hladu, a n\u011bkte\u0159\u00ed prost\u011b proto, \u017ee v\u011bd\u00ed, \u017ee uvnit\u0159 je n\u011bkdo p\u0159iv\u00edt\u00e1 jm\u00e9nem a bude si pamatovat, kdo jsou<\/span>.<\/span><\/p>\n<p>[\/et_pb_text][\/et_pb_column][\/et_pb_row][et_pb_row column_structure=&#8220;1_2,1_2&#8243; _builder_version=&#8220;4.27.4&#8243; _module_preset=&#8220;default&#8220; min_height=&#8220;199px&#8220; custom_margin=&#8220;-11px|auto|-42px|auto||&#8220; custom_padding=&#8220;1px|0px|0px|0px|false|false&#8220; global_colors_info=&#8220;{}&#8220;][et_pb_column type=&#8220;1_2&#8243; _builder_version=&#8220;4.27.4&#8243; _module_preset=&#8220;default&#8220; global_colors_info=&#8220;{}&#8220;][et_pb_text _builder_version=&#8220;4.27.4&#8243; _module_preset=&#8220;default&#8220; min_height=&#8220;298px&#8220; custom_margin=&#8220;||-1px|||&#8220; custom_padding=&#8220;||4px|||&#8220; global_colors_info=&#8220;{}&#8220;]<\/p>\n<p><span style=\"font-size: 16px; color: #0c71c3; font-family: inherit;\">Takov\u00fd je t\u00fddenn\u00ed rytmus Comunidad de Sant\u2019Egidio. Nen\u00ed to m\u00edsto, kde se stoj\u00ed fronty, ale m\u00edsto, kde se sed\u00ed u stolu. Rozhovory se odv\u00edjej\u00ed pomalu. P\u0159\u00edb\u011bhy se sd\u00edlej\u00ed bez sp\u011bchu. Rozd\u00edly (ve v\u011bku, historii, v\u00ed\u0159e nebo stabilit\u011b) nemiz\u00ed, ale jsou p\u0159ij\u00edm\u00e1ny. Nen\u00ed to m\u00edsto, kam n\u011bkdo p\u0159ich\u00e1z\u00ed jako projekt, kter\u00fd je t\u0159eba napravit. Je to m\u00edsto, kam lid\u00e9 p\u0159ich\u00e1zej\u00ed \u017e\u00edzniv\u00ed, ka\u017ed\u00fd po sv\u00e9m, a zji\u0161\u0165uj\u00ed, \u017ee nejsou sami.<\/span><\/p>\n<p><span style=\"font-size: 16px; color: #0c71c3; font-family: inherit;\"><span>Tato zku\u0161enost mi pom\u00e1h\u00e1 sly\u0161et evangelium o Samarit\u00e1nce jinak.<\/span><\/span><\/p>\n<p><span style=\"font-family: inherit; font-weight: normal; color: #0c71c3; font-size: medium;\"><span style=\"font-family: inherit; font-weight: normal; color: #0c71c3; font-size: large;\"><span>Ve st\u0159edu setk\u00e1n\u00ed je \u017e\u00edze\u0148<\/span><\/span><\/span><\/p>\n<p><span style=\"font-family: inherit; font-weight: normal; color: #0c71c3; font-size: medium;\"><span>Kdy\u017e Je\u017e\u00ed\u0161 potk\u00e1 \u017eenu u studny, nep\u0159istupuje k n\u00ed jako k probl\u00e9mu, kter\u00fd je t\u0159eba vy\u0159e\u0161it, nebo jako k lekci, kterou je t\u0159eba nau\u010dit. Setk\u00e1v\u00e1 se s n\u00ed jako s partnerkou v rozhovoru. Ona je vn\u00edmav\u00e1, m\u00e1 pevn\u00e9 z\u00e1klady a je teologicky zv\u00eddav\u00e1. Klade skute\u010dn\u00e9 ot\u00e1zky: o sd\u00edlen\u00fdch zdroj\u00edch, o soci\u00e1ln\u00edch kodexech, o soun\u00e1le\u017eitosti. Nen\u00ed pasivn\u00ed. Nejen p\u0159ij\u00edm\u00e1. Zapojuje se, provokuje a reaguje<\/span>.<\/span><\/p>\n<p><span style=\"font-family: inherit; font-weight: normal; color: #0c71c3; font-size: medium;\"><\/span><\/p>\n<p>[\/et_pb_text][\/et_pb_column][et_pb_column type=&#8220;1_2&#8243; _builder_version=&#8220;4.27.4&#8243; _module_preset=&#8220;default&#8220; global_colors_info=&#8220;{}&#8220;][et_pb_image src=&#8220;https:\/\/www.zitlaudatosi.cz\/wp-content\/uploads\/2026\/03\/St-Egidio-Mexico-City.jpg&#8220; title_text=&#8220;St Egidio Mexico City&#8220; _builder_version=&#8220;4.27.4&#8243; _module_preset=&#8220;default&#8220; global_colors_info=&#8220;{}&#8220; custom_margin=&#8220;-2px|||||&#8220;][\/et_pb_image][\/et_pb_column][\/et_pb_row][et_pb_row _builder_version=&#8220;4.27.4&#8243; _module_preset=&#8220;default&#8220; custom_margin=&#8220;-114px|auto|-42px|auto||&#8220; custom_padding=&#8220;107px|0px|3px|0px|false|false&#8220; global_colors_info=&#8220;{}&#8220; min_height=&#8220;941.4px&#8220;][et_pb_column type=&#8220;4_4&#8243; _builder_version=&#8220;4.27.4&#8243; _module_preset=&#8220;default&#8220; global_colors_info=&#8220;{}&#8220;][et_pb_text _builder_version=&#8220;4.27.4&#8243; _module_preset=&#8220;default&#8220; min_height=&#8220;649.5px&#8220; custom_margin=&#8220;-14px||-3px|||&#8220; global_colors_info=&#8220;{}&#8220;]<\/p>\n<blockquote>\n<p><span style=\"font-family: inherit; font-weight: normal; color: #0c71c3; font-size: medium;\"><\/span><\/p>\n<p><span style=\"font-family: inherit; font-weight: normal; color: #0c71c3; font-size: medium;\"><\/span><\/p>\n<\/blockquote>\n<p><span style=\"font-family: inherit; font-weight: normal; color: #0c71c3; font-size: medium;\"><span>N\u011bkdy je tento \u00faryvek \u010dten sp\u00ed\u0161e z pohledu odhalen\u00ed a n\u00e1pravy ne\u017e jako setk\u00e1n\u00ed. Ale samotn\u00e9 evangelium se tomuto v\u00fdkladu br\u00e1n\u00ed. Je\u017e\u00ed\u0161 ji nezahanbuje. Ne\u017e\u00e1d\u00e1 ji, aby p\u0159ed nav\u00e1z\u00e1n\u00edm vztahu konala pok\u00e1n\u00ed. M\u00edsto toho s n\u00ed mluv\u00ed o \u017eiv\u00e9 vod\u011b, o uct\u00edv\u00e1n\u00ed v Duchu a pravd\u011b, o Bohu, kter\u00fd nen\u00ed omezen m\u00edsty nebo syst\u00e9my, kter\u00e9 ji vylu\u010duj\u00ed.<\/span><\/span><\/p>\n<p><span style=\"font-family: inherit; font-weight: normal; color: #0c71c3; font-size: medium;\"><span>Ve st\u0159edu jejich setk\u00e1n\u00ed je \u017e\u00edze\u0148. Ne mor\u00e1ln\u00ed selh\u00e1n\u00ed, ale touha. Ne soud, ale dychtivost.<\/span><\/span><\/p>\n<p><span style=\"font-family: inherit; font-weight: normal; font-size: large; color: #0c71c3;\"><span>Kristus, \u017eiv\u00e1 voda pro na\u0161i nejhlub\u0161\u00ed \u017e\u00edze\u0148<\/span><\/span><span style=\"font-family: inherit; font-weight: normal; color: #0c71c3; font-size: medium;\"><span><\/span><\/span><\/p>\n<p><span style=\"font-family: inherit; font-weight: normal; color: #0c71c3; font-size: medium;\"><span>Exhortace <em>Dilexit nos<\/em> v odstavci 101 nab\u00edz\u00ed kl\u00ed\u010d:<\/span>:<\/span><\/p>\n<blockquote>\n<p><span style=\"color: #0c71c3; font-family: inherit; font-size: medium;\">&#8222;<\/span><span style=\"color: #0c71c3; font-family: inherit; font-size: medium;\">Proboden\u00e9 srdce Krista zt\u011bles\u0148uje v\u0161echna Bo\u017e\u00ed prohl\u00e1\u0161en\u00ed o l\u00e1sce p\u0159\u00edtomn\u00e1 v P\u00edsmu&#8230; otev\u0159en\u00fd bok jeho Syna je zdrojem \u017eivota pro ty, kter\u00e9 miluje, pramenem, kter\u00fd uhas\u00ed \u017e\u00edze\u0148 jeho lidu<\/span><span style=\"color: #0c71c3; font-family: inherit; font-size: medium;\">.&#8220;<\/span><\/p>\n<\/blockquote>\n<p><span style=\"font-family: inherit; font-weight: normal; color: #0c71c3; font-size: medium;\">Kristovo srdce je otev\u0159en\u00e9 nejen k odpu\u0161t\u011bn\u00ed, ale i k podpo\u0159e. Nejen k n\u00e1prav\u011b, ale i k darov\u00e1n\u00ed \u017eivota. Samarit\u00e1nka to pozn\u00e1v\u00e1. Nech\u00e1v\u00e1 le\u017eet sv\u016fj d\u017eb\u00e1n s vodou \u2013 ne proto, \u017ee by jej\u00ed ka\u017edodenn\u00ed pot\u0159eby p\u0159estaly b\u00fdt d\u016fle\u017eit\u00e9, ale proto, \u017ee se v n\u00ed probudilo n\u011bco hlub\u0161\u00edho. Jej\u00ed \u017e\u00edze\u0148 byla pojmenov\u00e1na, ani\u017e by byla oslabena. St\u00e1v\u00e1 se sv\u011bdkem ne t\u00edm, \u017ee zauj\u00edm\u00e1 mor\u00e1ln\u00ed postoj, ale t\u00edm, \u017ee sd\u00edl\u00ed setk\u00e1n\u00ed: \u201ePoj\u010f se pod\u00edvat.\u201c<\/span><\/p>\n<p><span style=\"font-family: inherit; font-weight: normal; font-size: large; color: #0c71c3;\"><span>Up\u0159\u00edmn\u00ed ohledn\u011b sv\u00e9 vlastn\u00ed \u017e\u00edzn\u011b, pozorn\u00ed k \u017e\u00edzni druh\u00fdch<\/span><\/span><\/p>\n<p><span style=\"font-family: inherit; font-weight: normal; font-size: medium; color: #0c71c3;\"><span>To hluboce rezonuje s c\u00edlem Laudato si&#8216; pro tento t\u00fdden, j\u00edm\u017e je <\/span><i>odpov\u00eddat na n\u00e1\u0159ek chud\u00fdch<\/i><span>. N\u00e1\u0159ek chud\u00fdch nen\u00ed jen po\u017eadavkem na zdroje, ani jen na p\u0159\u00edstup k tomu, co udr\u017euje \u017eivot \u2013 jako je voda, p\u016fda a bezpe\u010dn\u00e9 m\u00edsto k \u017eivotu. Je to tak\u00e9 vol\u00e1n\u00ed po uzn\u00e1n\u00ed jako subjekt\u016f vlastn\u00edho \u017eivota: nositel\u016f pozn\u00e1n\u00ed, v\u00edry a pravdy. V Sant&#8217;Egidio nejsou chud\u00ed p\u0159edm\u011btem charity. Jsou to p\u0159\u00e1tel\u00e9, u\u010ditel\u00e9 a protagonist\u00e9 komunity, kte\u0159\u00ed n\u00e1m p\u0159ipom\u00ednaj\u00ed, \u017ee p\u00e9\u010de o lidi a p\u00e9\u010de o n\u00e1\u0161 spole\u010dn\u00fd domov nelze odd\u011blit.<\/span><\/span><\/p>\n<p><span style=\"font-family: inherit; font-weight: normal; font-size: medium; color: #0c71c3;\"><span>Kdy\u017e si p\u0159\u00edli\u0161 snadno p\u0159edstavujeme sami sebe na m\u00edst\u011b Je\u017e\u00ed\u0161e, riskujeme, \u017ee n\u00e1m unikne pozv\u00e1n\u00ed evangelia. P\u016fst od n\u00e1s ne\u017e\u00e1d\u00e1, abychom st\u00e1li nad ostatn\u00edmi jako spravedliv\u00ed pomocn\u00edci. \u017d\u00e1d\u00e1 od n\u00e1s, abychom st\u00e1li vedle sebe u studny, up\u0159\u00edmn\u00ed ohledn\u011b sv\u00e9 vlastn\u00ed \u017e\u00edzn\u011b a pozorn\u00ed k \u017e\u00edzni ostatn\u00edch.<\/span><\/span><\/p>\n<p><span style=\"font-family: inherit; font-weight: normal; font-size: medium; color: #0c71c3;\"><span>Ot\u00e1zka k zamy\u0161len\u00ed jemn\u011b p\u0159etrv\u00e1v\u00e1:\u00a0<\/span><i>\u010c\u00ed \u017e\u00edze\u0148 jsem tento t\u00fdden pozv\u00e1n dr\u017eet ve sv\u00e9m srdci?<\/i><span>\u00a0<\/span><\/span><\/p>\n<p><span style=\"font-family: inherit; font-weight: normal; font-size: medium; color: #0c71c3;\"><span>Mo\u017en\u00e1 je to \u017e\u00edze\u0148 n\u011bkoho, kdo je p\u0159\u00edli\u0161 \u010dasto nepochopen. Mo\u017en\u00e1 je to \u017e\u00edze\u0148 d\u00edt\u011bte, souseda, komunity pod tlakem. Mo\u017en\u00e1 je to moje vlastn\u00ed \u017e\u00edze\u0148. U studny n\u00e1m Je\u017e\u00ed\u0161 ukazuje, \u017ee B\u016fh je ji\u017e tam \u2013 \u010dek\u00e1, naslouch\u00e1, p\u0159ipraven setkat se s n\u00e1mi ne jako s probl\u00e9my, kter\u00e9 je t\u0159eba vy\u0159e\u0161it, ale jako s lidmi tou\u017e\u00edc\u00edmi po \u017eivot\u011b.<\/span><\/span><\/p>\n<p>&nbsp;<\/p>\n<p>[\/et_pb_text][\/et_pb_column][\/et_pb_row][et_pb_row _builder_version=&#8220;4.27.4&#8243; _module_preset=&#8220;default&#8220; global_colors_info=&#8220;{}&#8220;][et_pb_column type=&#8220;4_4&#8243; _builder_version=&#8220;4.27.4&#8243; _module_preset=&#8220;default&#8220; global_colors_info=&#8220;{}&#8220;][et_pb_image src=&#8220;https:\/\/www.zitlaudatosi.cz\/wp-content\/uploads\/2026\/02\/Snimek6.jpg&#8220; title_text=&#8220;Sn\u00edmek6&#8243; _builder_version=&#8220;4.27.4&#8243; _module_preset=&#8220;default&#8220; hover_enabled=&#8220;0&#8243; global_colors_info=&#8220;{}&#8220; sticky_enabled=&#8220;0&#8243;][\/et_pb_image][\/et_pb_column][\/et_pb_row][\/et_pb_section]<\/p>\n","protected":false},"excerpt":{"rendered":"<p>Sama\u0159sk\u00e1 \u017eena: \u017d\u00edze\u0148 po Bohu Steven Fisher, Laudato Si\u2019 Action Platform P\u00e1r blok\u016f od m\u00e9ho domu v Mexico City je m\u00edsto, kam lid\u00e9 p\u0159ich\u00e1zej\u00ed s mnoha v\u011bcmi. N\u011bkte\u0159\u00ed p\u0159ich\u00e1zej\u00ed s plastov\u00fdmi ta\u0161kami, ve kter\u00fdch maj\u00ed v\u0161e, co vlastn\u00ed. Jin\u00ed p\u0159ich\u00e1zej\u00ed s d\u011btmi, kter\u00e9 jsou neklidn\u00e9, zv\u011bdav\u00e9 nebo u\u017e unaven\u00e9 z toho, \u017ee mus\u00ed \u010dekat. N\u011bkte\u0159\u00ed [&hellip;]<\/p>\n","protected":false},"author":1,"featured_media":3816,"comment_status":"open","ping_status":"open","sticky":false,"template":"","format":"standard","meta":{"_et_pb_use_builder":"on","_et_pb_old_content":"","_et_gb_content_width":""},"categories":[5],"tags":[],"_links":{"self":[{"href":"https:\/\/www.zitlaudatosi.cz\/index.php\/wp-json\/wp\/v2\/posts\/3870"}],"collection":[{"href":"https:\/\/www.zitlaudatosi.cz\/index.php\/wp-json\/wp\/v2\/posts"}],"about":[{"href":"https:\/\/www.zitlaudatosi.cz\/index.php\/wp-json\/wp\/v2\/types\/post"}],"author":[{"embeddable":true,"href":"https:\/\/www.zitlaudatosi.cz\/index.php\/wp-json\/wp\/v2\/users\/1"}],"replies":[{"embeddable":true,"href":"https:\/\/www.zitlaudatosi.cz\/index.php\/wp-json\/wp\/v2\/comments?post=3870"}],"version-history":[{"count":12,"href":"https:\/\/www.zitlaudatosi.cz\/index.php\/wp-json\/wp\/v2\/posts\/3870\/revisions"}],"predecessor-version":[{"id":3888,"href":"https:\/\/www.zitlaudatosi.cz\/index.php\/wp-json\/wp\/v2\/posts\/3870\/revisions\/3888"}],"wp:featuredmedia":[{"embeddable":true,"href":"https:\/\/www.zitlaudatosi.cz\/index.php\/wp-json\/wp\/v2\/media\/3816"}],"wp:attachment":[{"href":"https:\/\/www.zitlaudatosi.cz\/index.php\/wp-json\/wp\/v2\/media?parent=3870"}],"wp:term":[{"taxonomy":"category","embeddable":true,"href":"https:\/\/www.zitlaudatosi.cz\/index.php\/wp-json\/wp\/v2\/categories?post=3870"},{"taxonomy":"post_tag","embeddable":true,"href":"https:\/\/www.zitlaudatosi.cz\/index.php\/wp-json\/wp\/v2\/tags?post=3870"}],"curies":[{"name":"wp","href":"https:\/\/api.w.org\/{rel}","templated":true}]}}