{"id":3601,"date":"2024-10-04T13:20:38","date_gmt":"2024-10-04T13:20:38","guid":{"rendered":"https:\/\/www.zitlaudatosi.cz\/?p=3601"},"modified":"2024-10-06T11:04:00","modified_gmt":"2024-10-06T11:04:00","slug":"doba-stvoreni-2024","status":"publish","type":"post","link":"https:\/\/www.zitlaudatosi.cz\/index.php\/2024\/10\/04\/doba-stvoreni-2024\/","title":{"rendered":"Ohl\u00e9dnut\u00ed za dobou stvo\u0159en\u00ed 2024"},"content":{"rendered":"<p>[et_pb_section fb_built=&#8220;1&#8243; _builder_version=&#8220;4.16&#8243; custom_padding=&#8220;0|0px|0px|0px|false|false&#8220; global_colors_info=&#8220;{}&#8220;][et_pb_row _builder_version=&#8220;4.16&#8243; custom_padding=&#8220;0px|0px|0|0px|false|false&#8220; global_colors_info=&#8220;{}&#8220;][et_pb_column type=&#8220;4_4&#8243; _builder_version=&#8220;4.16&#8243; custom_padding=&#8220;|||&#8220; global_colors_info=&#8220;{}&#8220; custom_padding__hover=&#8220;|||&#8220;][et_pb_text _builder_version=&#8220;4.16&#8243; min_height=&#8220;177.8px&#8220; custom_margin=&#8220;||-9px|||&#8220; custom_padding=&#8220;||20px|||&#8220; inline_fonts=&#8220;Trebuchet,Verdana,Asul,Abhaya Libre,Abyssinica SIL&#8220; global_colors_info=&#8220;{}&#8220;]<\/p>\n<div><\/div>\n<div><\/div>\n<p style=\"text-align: center;\"><span style=\"font-size: x-large; color: #1d8700;\"><strong><span size=\"5\">Ohl\u00e9dnut\u00ed za dobou stvo\u0159en\u00ed 2024<\/span><\/strong><\/span><span style=\"color: #000000; font-weight: normal; font-family: 'Abhaya Libre';\"><strong><span style=\"font-size: large;\"><\/span><\/strong><\/span><\/p>\n<div><span style=\"font-family: 'Abhaya Libre'; font-weight: normal; font-size: large; color: #000000;\"><strong><\/strong><\/span><\/div>\n<div><span style=\"font-family: 'Abhaya Libre'; font-weight: normal; font-size: large; color: #000000;\"><strong><\/strong><\/span><\/div>\n<div><span style=\"font-family: 'Abhaya Libre'; font-weight: normal; font-size: large; color: #000000;\"><strong><\/strong><\/span><\/div>\n<div><span style=\"font-family: 'Abhaya Libre'; font-weight: normal; font-size: large; color: #000000;\"><strong><\/strong><\/span><\/div>\n<div><span style=\"font-family: 'Abhaya Libre'; font-weight: normal; font-size: large; color: #000000;\"><strong>Od 1. z\u00e1\u0159\u00ed do 4. \u0159\u00edjna k\u0159es\u0165an\u00e9 mnoha denominac\u00ed po cel\u00e9m sv\u011bt\u011b slav\u00ed &#8222;dobu stvo\u0159en\u00ed&#8220;, \u010das, kdy si v\u00edce ne\u017e jindy p\u0159ipom\u00ednaj\u00ed, \u017ee jsou sou\u010d\u00e1st\u00ed Bo\u017e\u00edho d\u00edla stvo\u0159en\u00ed, slav\u00ed Boha jako Stvo\u0159itele, d\u011bkuj\u00ed za sv\u011bt a tak\u00e9 si p\u0159ipom\u00ednaj\u00ed svou spoluodpov\u011bdnost za jeho dal\u0161\u00ed sm\u011b\u0159ov\u00e1n\u00ed.<\/strong><\/span><\/div>\n<div><span style=\"font-family: 'Abhaya Libre'; font-weight: normal; font-size: large; color: #000000;\"><strong>V roce 2000 poprv\u00e9 slavili dobu stvo\u0159en\u00ed nez\u00e1visle na sob\u011b v lutersk\u00fdch sborech v Evrop\u011b a v Austr\u00e1lii, v roce 2007 se za slaven\u00ed postavila Sv\u011btov\u00e1 rada c\u00edrkv\u00ed, od roku 2018 doporu\u010duje slaven\u00ed katolick\u00fdm v\u011b\u0159\u00edc\u00edm pape\u017e Franti\u0161ek. Malou ochutn\u00e1vku pestrosti slaven\u00ed na p\u011bti kontinentech najdete na FB <a href=\"https:\/\/www.facebook.com\/SeasonofCreation\">Season of Creation<\/a> a ve FB skupin\u011b <a href=\"https:\/\/www.facebook.com\/groups\/176079929597903\/\">Season of Creation.<\/a><\/strong><\/span>\u00a0<\/div>\n<div><span style=\"font-family: 'Abhaya Libre'; font-weight: normal; font-size: large; color: #000000;\"><strong><\/strong><\/span><\/div>\n<p><span style=\"color: #313132; font-size: 13.5pt;\"><\/span><\/p>\n<p>[\/et_pb_text][\/et_pb_column][\/et_pb_row][et_pb_row column_structure=&#8220;3_5,2_5&#8243; _builder_version=&#8220;4.27.2&#8243; _module_preset=&#8220;default&#8220; min_height=&#8220;95px&#8220; custom_margin=&#8220;0px|0px|0px|0px|false|false&#8220; custom_padding=&#8220;1px|0px|0px|0px|false|false&#8220; global_colors_info=&#8220;{}&#8220;][et_pb_column type=&#8220;3_5&#8243; _builder_version=&#8220;4.27.2&#8243; _module_preset=&#8220;default&#8220; global_colors_info=&#8220;{}&#8220;][et_pb_image src=&#8220;https:\/\/www.zitlaudatosi.cz\/wp-content\/uploads\/2024\/10\/2024-logo-CZ.png&#8220; title_text=&#8220;2024 logo CZ&#8220; _builder_version=&#8220;4.27.2&#8243; _module_preset=&#8220;default&#8220; global_colors_info=&#8220;{}&#8220;][\/et_pb_image][\/et_pb_column][et_pb_column type=&#8220;2_5&#8243; _builder_version=&#8220;4.27.2&#8243; _module_preset=&#8220;default&#8220; global_colors_info=&#8220;{}&#8220;][et_pb_text _builder_version=&#8220;4.27.2&#8243; _module_preset=&#8220;default&#8220; global_colors_info=&#8220;{}&#8220;]<\/p>\n<p><span style=\"font-family: 'Abhaya Libre'; font-weight: normal; font-size: large; color: #000000;\"><strong>Zde najdete stru\u010dn\u00fd p\u0159ehled toho, jak jsme letos dobu stvo\u0159en\u00ed slavili v Olomouci-Hej\u010d\u00edn\u011b, v \u010cesk\u00fdch Bud\u011bjovic\u00edch-Such\u00e9m Vrbn\u00e9m,\u00a0 \u00a0 \u00a0 \u00a0v Kutn\u00e9 Ho\u0159e, v Praze-Kobylis\u00edch, ve Velk\u00fdch B\u00edlovic\u00edch a v Su\u0161ici na And\u011bl\u00ed\u010dku.<\/strong><\/span><\/p>\n<p>[\/et_pb_text][\/et_pb_column][\/et_pb_row][et_pb_row _builder_version=&#8220;4.27.2&#8243; _module_preset=&#8220;default&#8220; global_colors_info=&#8220;{}&#8220;][et_pb_column type=&#8220;4_4&#8243; _builder_version=&#8220;4.27.2&#8243; _module_preset=&#8220;default&#8220; global_colors_info=&#8220;{}&#8220;][et_pb_text _builder_version=&#8220;4.27.2&#8243; _module_preset=&#8220;default&#8220; custom_margin=&#8220;0px||13px|||&#8220; custom_padding=&#8220;8px|||||&#8220; global_colors_info=&#8220;{}&#8220;]<\/p>\n<p><span style=\"font-family: 'Abhaya Libre'; font-weight: normal; font-size: large; color: #000000;\"><strong>Ve farnosti svat\u00fdch Cyrila a Metod\u011bje v Olomouci-Hej\u010d\u00edn\u011b<\/strong> si letos p\u0159ipom\u00ednali dobu stvo\u0159en\u00ed podruh\u00e9. Tak\u00e9 letos slavili jednu ned\u011bln\u00ed m\u0161i svatou s liturgi\u00ed pro dobu stvo\u0159en\u00ed na \u00famysl zachov\u00e1n\u00ed \u017eivota na Zemi a p\u0159ijet\u00ed odpov\u011bdnosti ka\u017ed\u00e9ho \u010dlov\u011bka za p\u00e9\u010di o spole\u010dn\u00fd domov. <\/span><span style=\"font-family: 'Abhaya Libre'; font-weight: normal; font-size: large; color: #000000;\">N\u00e1sleduj\u00edc\u00ed sobotu se vydali na p\u011b\u0161\u00ed pou\u0165 ze Svat\u00e9ho Kope\u010dka do vesnice B\u011blkovice p\u0159es ruiny kartuzi\u00e1nsk\u00e9ho kl\u00e1\u0161tera Kartouzka. U Kartouzky v Dolanech se modlili k\u0159\u00ed\u017eovou cestu ekologick\u00e9ho obr\u00e1cen\u00ed podle Jana Pavla II. a svou pou\u0165 zakon\u010dili v B\u011blkovic\u00edch modlitbou \u010dtrn\u00e1cti zastaven\u00ed nov\u011b instalovan\u00e9 cesty sv\u011btla a m\u0161\u00ed svatou pod \u0161ir\u00fdm nebem p\u0159i z\u00e1padu slunce.<\/span><\/p>\n<p>[\/et_pb_text][\/et_pb_column][\/et_pb_row][et_pb_row _builder_version=&#8220;4.16&#8243; custom_margin=&#8220;|auto|21px|auto||&#8220; custom_padding=&#8220;0|0px|2px|0px|false|false&#8220; global_colors_info=&#8220;{}&#8220;][et_pb_column type=&#8220;4_4&#8243; _builder_version=&#8220;4.16&#8243; custom_padding=&#8220;|||&#8220; global_colors_info=&#8220;{}&#8220; custom_padding__hover=&#8220;|||&#8220;][et_pb_image src=&#8220;https:\/\/www.zitlaudatosi.cz\/wp-content\/uploads\/2024\/10\/2024-09-olomouc-hejcin.png&#8220; title_text=&#8220;2024-09 olomouc hej\u010d\u00edn&#8220; align_tablet=&#8220;center&#8220; align_phone=&#8220;&#8220; align_last_edited=&#8220;on|desktop&#8220; _builder_version=&#8220;4.27.2&#8243; custom_margin=&#8220;-12px|||||&#8220; custom_padding=&#8220;12px|||||&#8220; global_colors_info=&#8220;{}&#8220;][\/et_pb_image][et_pb_text _builder_version=&#8220;4.27.0&#8243; _module_preset=&#8220;default&#8220; inline_fonts=&#8220;Abhaya Libre&#8220; global_colors_info=&#8220;{}&#8220;]<\/p>\n<p><span style=\"font-family: 'Abhaya Libre'; font-weight: normal; font-size: large; color: #000000;\"><strong>Ve farnosti svat\u00fdch Carila a Metod\u011bje v \u010cesk\u00fdch Bud\u011bjovic\u00edch-Such\u00e9m Vrbn\u00e9m<\/strong> si tak\u00e9 letos p\u0159ipom\u00ednali dobu stvo\u0159en\u00ed podruh\u00e9. Zah\u00e1jili ji m\u0161\u00ed svatou, kter\u00e1 v sob\u011b nesla hlub\u0161\u00ed poselstv\u00ed p\u00e9\u010de o sv\u011bt kolem n\u00e1s. Liturgick\u00e9 texty reflektovaly v\u00fdznam ochrany p\u0159\u00edrody a b\u011bhem m\u0161e byla p\u0159ed olt\u00e1\u0159em instalov\u00e1na dekorace, kter\u00e1 symbolizovala nejen hojnost zem\u011b prost\u0159ednictv\u00edm velk\u00e9 d\u00fdn\u011b, ale i ni\u010div\u00e9 d\u016fsledky klimatick\u00fdch zm\u011bn zn\u00e1zorn\u011bn\u00e9 rozvodn\u011bn\u00fdmi \u0159ekami. <\/span><span style=\"font-family: 'Abhaya Libre'; font-weight: normal; font-size: large; color: #000000;\">Zrcadlo, kter\u00e9 bylo sou\u010d\u00e1st\u00ed v\u00fdzdoby, p\u0159ipomn\u011blo, \u017ee i my jsme sou\u010d\u00e1st\u00ed Bo\u017e\u00edho stvo\u0159en\u00ed a na\u0161e jedn\u00e1n\u00ed se odr\u00e1\u017e\u00ed v prost\u0159ed\u00ed, kter\u00e9 n\u00e1m bylo sv\u011b\u0159eno. Instalace dome\u010dku pro hmyz vedla k zamy\u0161len\u00ed nad odpov\u011bdnost\u00ed za p\u00e9\u010di o v\u0161echny tvory a p\u0159\u00edrodu, kterou jsme obdr\u017eeli jako dar. Tento motiv symbolicky doplnil nov\u00fd mazl\u00ed\u010dek \u2013 k\u0159e\u010dek, o kter\u00e9ho se doma staraj\u00ed d\u00edvky z farnosti, jako p\u0159ipom\u00ednka, \u017ee p\u00e9\u010de o stvo\u0159en\u00ed za\u010d\u00edn\u00e1 i v drobn\u00fdch ka\u017edodenn\u00edch kroc\u00edch.<\/span><\/p>\n<p>[\/et_pb_text][et_pb_image src=&#8220;https:\/\/www.zitlaudatosi.cz\/wp-content\/uploads\/2024\/10\/2024-09-suche-vrbne.jpg&#8220; title_text=&#8220;2024-09 such\u00e9 vrbn\u00e9&#8220; _builder_version=&#8220;4.27.0&#8243; _module_preset=&#8220;default&#8220; global_colors_info=&#8220;{}&#8220;][\/et_pb_image][\/et_pb_column][\/et_pb_row][et_pb_row _builder_version=&#8220;4.19.4&#8243; _module_preset=&#8220;default&#8220; custom_margin=&#8220;24px|auto|-42px|auto||&#8220; global_colors_info=&#8220;{}&#8220;][et_pb_column type=&#8220;4_4&#8243; _builder_version=&#8220;4.19.4&#8243; _module_preset=&#8220;default&#8220; global_colors_info=&#8220;{}&#8220;][et_pb_text _builder_version=&#8220;4.27.2&#8243; _module_preset=&#8220;default&#8220; custom_margin=&#8220;-8px||1px|||&#8220; inline_fonts=&#8220;Abhaya Libre&#8220; global_colors_info=&#8220;{}&#8220;]<\/p>\n<p><span style=\"font-family: 'Abhaya Libre'; font-weight: normal; font-size: large; color: #000000;\"><strong>V \u0158\u00edmskokatolick\u00e9 farnosti arcid\u011bkanstv\u00ed Kutn\u00e1 Hora<\/strong> byl p\u0159ipraven program pro d\u011bti v sakristii zam\u011b\u0159en\u00fd na pozn\u00e1v\u00e1n\u00ed p\u0159\u00edrody prost\u0159ednictv\u00edm smysl\u016f, proto\u017ee to, co zn\u00e1me, um\u00edme i chr\u00e1nit. <span>D\u011bti m\u011bly p\u0159ipraveny dva ko\u0161\u00edky &#8211; jeden s p\u0159\u00edrodninami vyp\u011bstovan\u00fdmi na poli nebo na zahrad\u011b p\u0159edstavoval kulturn\u00ed krajinu, druh\u00fd s p\u0159\u00edrodninami z voln\u00e9 p\u0159\u00edrody p\u0159edstavoval krajinu divokou. P\u0159\u00edrodniny byly tak\u00e9 v nepr\u016fhledn\u00e9m s\u00e1\u010dku. Ka\u017ed\u00fd si n\u011bco vyt\u00e1hl a m\u011bl za\u0159adit do ko\u0161\u00edku podle druhu. Pak d\u011bti se zav\u0159en\u00fdma o\u010dima p\u0159\u00edrodniny ochutn\u00e1valy a pojmenov\u00e1valy, \u010dichaly k skleni\u010dk\u00e1m s bylinkami. Ko\u0161\u00edky pak byly p\u0159ineseny v ob\u011btn\u00edm pr\u016fvodu, aby ka\u017ed\u00fd m\u011bl n\u011bco do ruky, vzaly si d\u011bti ovoce a zeleninu do ruky a vracely u olt\u00e1\u0159e do ko\u0161\u00edk\u016f.\u00a0<\/span><\/span><\/p>\n<p>[\/et_pb_text][\/et_pb_column][\/et_pb_row][et_pb_row _builder_version=&#8220;4.16&#8243; custom_margin=&#8220;-86px|auto|-42px|auto||&#8220; custom_padding=&#8220;0px|0px|11px|0px|false|false&#8220; global_colors_info=&#8220;{}&#8220;][et_pb_column type=&#8220;4_4&#8243; _builder_version=&#8220;4.16&#8243; custom_padding=&#8220;|||&#8220; global_colors_info=&#8220;{}&#8220; custom_padding__hover=&#8220;|||&#8220;][et_pb_image src=&#8220;https:\/\/www.zitlaudatosi.cz\/wp-content\/uploads\/2024\/10\/2024-09-kutna-hora.jpg&#8220; title_text=&#8220;2024-09- kutn\u00e1 hora&#8220; _builder_version=&#8220;4.27.0&#8243; _module_preset=&#8220;default&#8220; min_height=&#8220;295.2px&#8220; custom_margin=&#8220;11px|||||&#8220; global_colors_info=&#8220;{}&#8220;][\/et_pb_image][\/et_pb_column][\/et_pb_row][et_pb_row _builder_version=&#8220;4.27.0&#8243; _module_preset=&#8220;default&#8220; global_colors_info=&#8220;{}&#8220;][et_pb_column type=&#8220;4_4&#8243; _builder_version=&#8220;4.27.0&#8243; _module_preset=&#8220;default&#8220; global_colors_info=&#8220;{}&#8220;][et_pb_text _builder_version=&#8220;4.27.0&#8243; _module_preset=&#8220;default&#8220; custom_padding=&#8220;20px|||||&#8220; inline_fonts=&#8220;Abhaya Libre&#8220; global_colors_info=&#8220;{}&#8220;]<\/p>\n<p><span style=\"font-size: large; font-family: 'Abhaya Libre'; font-weight: normal; color: #000000;\"><strong>Ve farnosti svat\u00e9 Terezie od D\u00edt\u011bte Je\u017e\u00ed\u0161e v Praze-Kobylis\u00edch<\/strong> vytvo\u0159ili \u00fa\u010dastn\u00edci oslavy doby stvo\u0159en\u00ed, kter\u00e1 se konala v sobotu 14. z\u00e1\u0159\u00ed ve farn\u00edm s\u00e1le, obraz, j\u00edm\u017e vyj\u00e1d\u0159ili pr\u016fb\u011bh stvo\u0159en\u00ed sv\u011bta. Malov\u00e1n\u00edm vyjad\u0159ovali jednotliv\u00e1 zastaven\u00ed modlitby \u201ecesta stvo\u0159en\u00ed\u201c, kter\u00e1 spole\u010dn\u011b proch\u00e1zeli. Stvo\u0159en\u00ed za\u010d\u00edn\u00e1 po\u010d\u00e1te\u010dn\u00edm vzplanut\u00edm, n\u00e1hl\u00fdm vzedmut\u00edm sv\u011btla, kter\u00e9 postupn\u011b nab\u00fdv\u00e1 tvar\u016f a barev \u2013 z v\u00fdbuch\u016f supernov vznikaj\u00ed vesm\u00edrn\u00e1 t\u011blesa, kolem planety Zem\u011b vznik\u00e1 ochrann\u00fd obal, <span class=\"html-span xdj266r x11i5rnm xat24cr x1mh8g0r xexx8yu x4uap5 x18d9i69 xkhd6sd x1hl2dhg x16tdsg8 x1vvkbs\"><a class=\"html-a xdj266r x11i5rnm xat24cr x1mh8g0r xexx8yu x4uap5 x18d9i69 xkhd6sd x1hl2dhg x16tdsg8 x1vvkbs\" tabindex=\"-1\" style=\"color: #000000;\"><\/a><\/span>kondenzuje se voda, d\u011bl\u00ed se sv\u011btad\u00edly a jsou postupn\u011b os\u00eddlov\u00e1ny rostlinami a \u017eivo\u010dichy v\u010detn\u011b \u010dlov\u011bka. Uprost\u0159ed Bo\u017e\u00edho d\u00edla stvo\u0159en\u00ed se usm\u00edv\u00e1 v plenk\u00e1ch zavinut\u00e9 D\u011b\u0165\u00e1tko. V ned\u011bli 22. z\u00e1\u0159\u00ed byl obraz vystaven v kostele p\u0159i slaven\u00ed m\u0161\u00ed svat\u00fdch pro dobu stvo\u0159en\u00ed.<\/span><\/p>\n<p>[\/et_pb_text][et_pb_image src=&#8220;https:\/\/www.zitlaudatosi.cz\/wp-content\/uploads\/2024\/10\/2024-09-kobylisy.png&#8220; title_text=&#8220;2024-09 kobylisy&#8220; _builder_version=&#8220;4.27.2&#8243; _module_preset=&#8220;default&#8220; global_colors_info=&#8220;{}&#8220;][\/et_pb_image][et_pb_text _builder_version=&#8220;4.27.0&#8243; _module_preset=&#8220;default&#8220; inline_fonts=&#8220;Abhaya Libre&#8220; global_colors_info=&#8220;{}&#8220;]<\/p>\n<div class=\"xdj266r x11i5rnm xat24cr x1mh8g0r x1vvkbs x126k92a\">\n<div dir=\"auto\"><span style=\"font-family: 'Abhaya Libre'; font-weight: normal; font-size: large; color: #000000;\"><strong>Ve Velk\u00fdch B\u00edlovic\u00edch<\/strong> zah\u00e1jili oslavy doby stvo\u0159en\u00ed spole\u010dn\u011b s d\u011btmi a jejich rodi\u010di setk\u00e1n\u00edm na farn\u00ed zahrad\u011b. Vypr\u00e1v\u011bli si o Thimbovi, <span class=\"html-span xdj266r x11i5rnm xat24cr x1mh8g0r xexx8yu x4uap5 x18d9i69 xkhd6sd x1hl2dhg x16tdsg8 x1vvkbs\"><a class=\"html-a xdj266r x11i5rnm xat24cr x1mh8g0r xexx8yu x4uap5 x18d9i69 xkhd6sd x1hl2dhg x16tdsg8 x1vvkbs\" tabindex=\"-1\" style=\"color: #000000;\"><\/a><\/span>kter\u00fd \u017eije v africk\u00e9m Sahelu, kde st\u00e1le nal\u00e9hav\u011bji se svou rodinou poci\u0165uje dopady zne\u010di\u0161t\u011bn\u00ed a po\u0161kozov\u00e1n\u00ed p\u0159\u00edrodn\u00edho prost\u0159ed\u00ed. Mluvili o tom, jak bychom jemu a jeho rodin\u011b mohli my, lid\u00e9 v Evrop\u011b, pomoci skrze udr\u017eiteln\u00e9 jedn\u00e1n\u00ed a modlitbu, a co n\u00e1m k tomu \u0159\u00edk\u00e1 pape\u017e Franti\u0161ek. Pov\u00eddali si o Laudato si&#8216; a hnut\u00edch, kter\u00e1 na tyto probl\u00e9my ve sv\u011bt\u011b reaguj\u00ed. <\/span><span style=\"color: #000000; font-family: 'Abhaya Libre'; font-size: large;\">S pomoc\u00ed rodi\u010d\u016f d\u011bti vyr\u00e1b\u011bly udr\u017eiteln\u00e9 l\u00e1tkov\u00e9 s\u00e1\u010dky, sv\u00ed\u010dky ze v\u010del\u00edho vosku a dal\u0161\u00ed upcyklovan\u00e9 drobnosti, kter\u00e9 v ned\u011bli 1. z\u00e1\u0159\u00ed nab\u00eddli v dobro\u010dinn\u00e9m prodeji p\u0159ed kostelem. V\u00fdt\u011b\u017eek byl v\u011bnov\u00e1n Mary&#8217;s Meals, sp\u0159\u00edzn\u011bn\u00e9 organizaci, kter\u00e1 pom\u00e1h\u00e1 t\u011bm, kdo nesou n\u00e1sledky extr\u00e9mn\u00ed chudoby, vyko\u0159is\u0165ov\u00e1n\u00ed a ekologick\u00e9 devastace v nejchud\u0161\u00edch komunit\u00e1ch sv\u011bta.<\/span><\/div>\n<\/div>\n<div class=\"x11i5rnm xat24cr x1mh8g0r x1vvkbs xtlvy1s x126k92a\">\n<div dir=\"auto\"><span style=\"font-family: 'Abhaya Libre'; font-weight: normal; font-size: large; color: #000000;\">\u00da\u010dastn\u00edci spolu pro\u017eili dlouh\u00e9 odpoledne \u2013 do ve\u010dera op\u00e9kali dobroty nad ohn\u011bm, zp\u00edvali a tan\u010dili. Zal\u00e9vali kv\u011btiny a zeleninu rostouc\u00ed na farn\u00ed zahrad\u011b a pochutn\u00e1vali si na prvn\u00edch hroznech, kter\u00e9 pr\u00e1v\u011b \u0161t\u011bd\u0159e dozr\u00e1valy. P\u0159i jeden\u00ed t\u011bchto prvn\u00edch plod\u016f \u00farody si p\u0159ipomn\u011bli (podle motivu leto\u0161n\u00ed doby stvo\u0159en\u00ed), \u017ee nad\u011bje v napln\u011bn\u00ed Bo\u017e\u00edho pl\u00e1nu obnovy pro cel\u00e9 stvo\u0159en\u00ed je i p\u0159es sou\u010dasn\u00e9 bolesti p\u0159\u00edtomna mezi n\u00e1mi ( \u0158\u00edman\u016fm 8, 19\u201325).<\/span><\/div>\n<\/div>\n<p>[\/et_pb_text][et_pb_image src=&#8220;https:\/\/www.zitlaudatosi.cz\/wp-content\/uploads\/2024\/10\/2024-09-bilovice.png&#8220; title_text=&#8220;2024-09 b\u00edlovice&#8220; _builder_version=&#8220;4.27.2&#8243; _module_preset=&#8220;default&#8220; global_colors_info=&#8220;{}&#8220;][\/et_pb_image][et_pb_text _builder_version=&#8220;4.27.0&#8243; _module_preset=&#8220;default&#8220; inline_fonts=&#8220;Abhaya Libre&#8220; global_colors_info=&#8220;{}&#8220;]<\/p>\n<div class=\"html-div xdj266r x11i5rnm xat24cr x1mh8g0r xexx8yu xkhd6sd x1eb86dx x78zum5 x1c4vz4f x2lah0s x9q6w0x xd5rl1\">\n<div class=\"html-div xdj266r x11i5rnm xat24cr x1mh8g0r xexx8yu x4uap5 x18d9i69 xkhd6sd x78zum5 xpvyfi4\">\n<div role=\"presentation\" class=\"html-div xdj266r x11i5rnm xat24cr x1mh8g0r xexx8yu x18d9i69 x1h91t0o xkh2ocl x78zum5 xdt5ytf x13a6bvl x193iq5w x1c4vz4f x1eb86dx x1sxyh0 x1nvil2r\">\n<div class=\"xgd8bvy\">\n<div aria-hidden=\"true\" class=\"xuk3077 x78zum5 x2lah0s x1fgtraw x193iq5w xgd8bvy\"><span style=\"font-family: 'Abhaya Libre'; font-weight: normal; font-size: large; color: #000000;\"><strong>V Su\u0161ici na And\u011bl\u00ed\u010dku<\/strong> se 1. z\u00e1\u0159\u00ed k modlitb\u011b za planetu v duchu Laudato si&#8216; setkalo asi patn\u00e1ct lid\u00ed. Chv\u00e1lili Boha Stvo\u0159itele, zp\u00edvali, d\u011bkovali, vyzn\u00e1vali sv\u016fj pod\u00edl na pon\u00ed\u017een\u00ed sv\u011bta a p\u0159ipom\u00ednali si konkr\u00e9tn\u00ed kroky, jimi\u017e mohou o sv\u011bt pe\u010dovat a chr\u00e1nit jej. Ze setk\u00e1n\u00ed nepo\u0159\u00eddili fotografie, ale jsme za n\u011bj hluboce vd\u011b\u010dni, stejn\u011b jako za skrytou modlitbu a l\u00e1sku ka\u017ed\u00e9ho z v\u00e1s!\u00a0 \u00a0<\/span><\/div>\n<\/div>\n<\/div>\n<\/div>\n<\/div>\n<p>[\/et_pb_text][et_pb_image src=&#8220;https:\/\/www.zitlaudatosi.cz\/wp-content\/uploads\/2024\/10\/2024-09-susice.jpeg&#8220; title_text=&#8220;2024-09 su\u0161ice&#8220; _builder_version=&#8220;4.27.0&#8243; _module_preset=&#8220;default&#8220; global_colors_info=&#8220;{}&#8220;][\/et_pb_image][et_pb_text _builder_version=&#8220;4.27.0&#8243; _module_preset=&#8220;default&#8220; global_colors_info=&#8220;{}&#8220;][\/et_pb_text][\/et_pb_column][\/et_pb_row][\/et_pb_section]<\/p>\n","protected":false},"excerpt":{"rendered":"<p>Ohl\u00e9dnut\u00ed za dobou stvo\u0159en\u00ed 2024 Od 1. z\u00e1\u0159\u00ed do 4. \u0159\u00edjna k\u0159es\u0165an\u00e9 mnoha denominac\u00ed po cel\u00e9m sv\u011bt\u011b slav\u00ed &#8222;dobu stvo\u0159en\u00ed&#8220;, \u010das, kdy si v\u00edce ne\u017e jindy p\u0159ipom\u00ednaj\u00ed, \u017ee jsou sou\u010d\u00e1st\u00ed Bo\u017e\u00edho d\u00edla stvo\u0159en\u00ed, slav\u00ed Boha jako Stvo\u0159itele, d\u011bkuj\u00ed za sv\u011bt a tak\u00e9 si p\u0159ipom\u00ednaj\u00ed svou spoluodpov\u011bdnost za jeho dal\u0161\u00ed sm\u011b\u0159ov\u00e1n\u00ed. V roce 2000 poprv\u00e9 slavili [&hellip;]<\/p>\n","protected":false},"author":1,"featured_media":3611,"comment_status":"open","ping_status":"open","sticky":false,"template":"","format":"standard","meta":{"_et_pb_use_builder":"on","_et_pb_old_content":"","_et_gb_content_width":""},"categories":[5],"tags":[],"_links":{"self":[{"href":"https:\/\/www.zitlaudatosi.cz\/index.php\/wp-json\/wp\/v2\/posts\/3601"}],"collection":[{"href":"https:\/\/www.zitlaudatosi.cz\/index.php\/wp-json\/wp\/v2\/posts"}],"about":[{"href":"https:\/\/www.zitlaudatosi.cz\/index.php\/wp-json\/wp\/v2\/types\/post"}],"author":[{"embeddable":true,"href":"https:\/\/www.zitlaudatosi.cz\/index.php\/wp-json\/wp\/v2\/users\/1"}],"replies":[{"embeddable":true,"href":"https:\/\/www.zitlaudatosi.cz\/index.php\/wp-json\/wp\/v2\/comments?post=3601"}],"version-history":[{"count":21,"href":"https:\/\/www.zitlaudatosi.cz\/index.php\/wp-json\/wp\/v2\/posts\/3601\/revisions"}],"predecessor-version":[{"id":3652,"href":"https:\/\/www.zitlaudatosi.cz\/index.php\/wp-json\/wp\/v2\/posts\/3601\/revisions\/3652"}],"wp:featuredmedia":[{"embeddable":true,"href":"https:\/\/www.zitlaudatosi.cz\/index.php\/wp-json\/wp\/v2\/media\/3611"}],"wp:attachment":[{"href":"https:\/\/www.zitlaudatosi.cz\/index.php\/wp-json\/wp\/v2\/media?parent=3601"}],"wp:term":[{"taxonomy":"category","embeddable":true,"href":"https:\/\/www.zitlaudatosi.cz\/index.php\/wp-json\/wp\/v2\/categories?post=3601"},{"taxonomy":"post_tag","embeddable":true,"href":"https:\/\/www.zitlaudatosi.cz\/index.php\/wp-json\/wp\/v2\/tags?post=3601"}],"curies":[{"name":"wp","href":"https:\/\/api.w.org\/{rel}","templated":true}]}}