{"id":336,"date":"2018-12-07T07:17:18","date_gmt":"2018-12-07T07:17:18","guid":{"rendered":"http:\/\/www.zitlaudatosi.cz\/?p=336"},"modified":"2019-11-25T15:35:26","modified_gmt":"2019-11-25T15:35:26","slug":"irsko-se-stalo-prvni-zemi-ktera-zcela-stahne-verejne-penize-z-investic-do-fosilnich-paliv","status":"publish","type":"post","link":"https:\/\/www.zitlaudatosi.cz\/index.php\/2018\/12\/07\/irsko-se-stalo-prvni-zemi-ktera-zcela-stahne-verejne-penize-z-investic-do-fosilnich-paliv\/","title":{"rendered":"Irsko st\u00e1hlo ve\u0159ejn\u00e9 pen\u00edze z investic do fosiln\u00edch paliv"},"content":{"rendered":"<p>[et_pb_section fb_built=&#8220;1&#8243; _builder_version=&#8220;3.0.47&#8243; custom_padding=&#8220;0|0px|48px|0px|false|false&#8220;][et_pb_row _builder_version=&#8220;3.0.48&#8243; background_size=&#8220;initial&#8220; background_position=&#8220;top_left&#8220; background_repeat=&#8220;repeat&#8220;][et_pb_column type=&#8220;4_4&#8243; _builder_version=&#8220;3.0.47&#8243;][et_pb_text _builder_version=&#8220;3.15&#8243;]<span style=\"font-size: 18pt;\"><strong><span style=\"margin: 0px; color: black; line-height: 115%; font-family: 'Arial','sans-serif';\">Irsko se stalo prvn\u00ed zem\u00ed, kter\u00e1 zcela st\u00e1hne ve\u0159ejn\u00e9 pen\u00edze z\u00a0investic do fosiln\u00edch paliv<\/span><\/strong><\/span><br \/>\n[\/et_pb_text][\/et_pb_column][\/et_pb_row][et_pb_row custom_padding=&#8220;24px|0px|0|0px|false|false&#8220; _builder_version=&#8220;3.0.48&#8243; background_size=&#8220;initial&#8220; background_position=&#8220;top_left&#8220; background_repeat=&#8220;repeat&#8220;][et_pb_column type=&#8220;2_5&#8243; _builder_version=&#8220;3.0.47&#8243;][et_pb_image src=&#8220;https:\/\/www.zitlaudatosi.cz\/wp-content\/uploads\/2018\/12\/2017-01-27-irsko.jpg&#8220; _builder_version=&#8220;3.15&#8243;][\/et_pb_image][\/et_pb_column][et_pb_column type=&#8220;3_5&#8243; _builder_version=&#8220;3.0.47&#8243;][et_pb_text _builder_version=&#8220;3.15&#8243;]<span style=\"margin: 0px; color: black; line-height: 115%; font-family: 'Arial','sans-serif'; font-size: 13pt;\">6. prosince 2018 odhlasoval irsk\u00fd parlament devades\u00e1ti hlasy proti pades\u00e1ti t\u0159em z\u00e1kon, kter\u00fd znemo\u017en\u00ed nad\u00e1le investovat ve\u0159ejn\u00e9 pen\u00edze do projekt\u016f t\u011b\u017eby a spalov\u00e1n\u00ed fosiln\u00edch paliv. Nez\u00e1visl\u00fd poslanec Thomas Pringle, kter\u00fd z\u00e1kon uvedl, \u0159ekl, \u017ee nov\u00fd z\u00e1kon je d\u016fle\u017eit\u00fdm sd\u011blen\u00edm pro ty, kdo pop\u00edraj\u00ed, \u017ee klimatick\u00e1 zm\u011bna je skute\u010dn\u00e1.<\/span><br \/>\n[\/et_pb_text][et_pb_text _builder_version=&#8220;3.15&#8243;][\/et_pb_text][\/et_pb_column][\/et_pb_row][et_pb_row custom_padding=&#8220;0|0px|24px|0px|false|false&#8220; _builder_version=&#8220;3.0.48&#8243; background_size=&#8220;initial&#8220; background_position=&#8220;top_left&#8220; background_repeat=&#8220;repeat&#8220;][et_pb_column type=&#8220;4_4&#8243; _builder_version=&#8220;3.0.47&#8243;][et_pb_text _builder_version=&#8220;3.15&#8243;]<span style=\"margin: 0px; color: #121212; font-family: 'Georgia','serif'; font-size: 12.5pt;\"><span style=\"background-attachment: scroll; background-clip: border-box; background-color: transparent; background-image: none; background-origin: padding-box; background-position-x: 0px; background-position-y: 0px; background-repeat: repeat; background-size: auto; border-image-outset: 0; border-image-repeat: stretch; border-image-slice: 100%; border-image-source: none; border-image-width: 1; box-sizing: border-box; color: #121212; cursor: text; font-family: &amp;quot; georgia&amp;quot;,&amp;quot;serif&amp;quot;; font-size: 16.66px; font-style: normal; font-variant: normal; font-weight: 500; letter-spacing: normal; line-height: 18.66px; -ms-text-size-adjust: auto; orphans: 2; outline-color: invert; outline-style: none; outline-width: 0px; text-align: left; text-decoration: none; text-indent: 0px; text-transform: none; vertical-align: baseline; -webkit-text-stroke-width: 0px; white-space: normal; word-spacing: 0px; padding: 0px; margin: 0px; border: 0px none #121212;\">Z\u00e1kon byl naps\u00e1n s ohledem na to, jak\u00a0nal\u00e9hav\u011b pot\u0159eba je opustit projekty t\u011b\u017eby a spalov\u00e1n\u00ed fosiln\u00edch paliv, aby bylo mo\u017en\u00e9 dost\u00e1t z\u00e1vazk\u016fm Pa\u0159\u00ed\u017esk\u00e9 dohody, a znamen\u00e1, \u017ee irsk\u00fd strategick\u00fd investi\u010dn\u00ed fond mus\u00ed st\u00e1hnout ve\u0161ker\u00e9 finance z\u00a0fosiln\u00edch projekt\u016f. Podle listu The Guardian vstoup\u00ed z\u00e1kon v\u00a0platnost do konce roku 2018.<\/span><\/span><\/p>\n<p><span style=\"margin: 0px; color: #121212; font-family: 'Georgia','serif'; font-size: 12.5pt;\">\u201eTento princip etick\u00e9ho financov\u00e1n\u00ed je znamen\u00edm pro glob\u00e1ln\u00ed korporace, \u017ee jejich ustavi\u010dn\u00e9 manipulov\u00e1n\u00ed v\u011bdeck\u00fdmi poznatky \u00a0 \u00a0 o zm\u011bn\u011b klimatu, pop\u00edr\u00e1n\u00ed klimatick\u00e9 zm\u011bny a kontroverzn\u00ed lobbystick\u00e9 praktiky u\u017e nebudou tolerov\u00e1ny,\u201c \u0159ekl Pringle. \u201eNem\u016f\u017eeme p\u0159ij\u00edmat jejich jedn\u00e1n\u00ed, zat\u00edmco mili\u00f3ny chud\u00fdch lid\u00ed v\u00a0nerozvinut\u00fdch zem\u00edch trp\u00ed d\u016fsledky klimatick\u00e9 zm\u011bny, kdy\u017e v\u00a0jej\u00edm d\u016fsledku zakou\u0161ej\u00ed hladomor, masovou emigraci a ob\u010dansk\u00e9 nepokoje.\u201c Z\u00e1kon podpo\u0159ily t\u00e9m\u011b\u0159 v\u0161echny politick\u00e9 strany, mimo strany Fine Gael.<\/span><\/p>\n<p><span style=\"margin: 0px; color: #424242; font-family: '&amp;quot','serif'; font-size: 11.5pt;\">\u00a0<\/span><\/p>\n<p><span style=\"margin: 0px; color: #424242; font-family: '&amp;quot','serif'; font-size: 11.5pt;\">Zdroje: <\/span><a href=\"https:\/\/www.rt.com\/news\/375353-ireland-divests-fossil-fuel\/\"><span style=\"margin: 0px; font-family: '&amp;quot','serif'; font-size: 11.5pt;\">https:\/\/www.rt.com\/news\/375353-ireland-divests-fossil-fuel\/<\/span><\/a><\/p>\n<p><a href=\"https:\/\/thehill.com\/policy\/energy-environment\/396715-ireland-on-thursday-became-the-first-country-to-divest-from-fossil\">https:\/\/thehill.com\/policy\/energy-environment\/396715-ireland-on-thursday-became-the-first-country-to-divest-from-fossil<\/a><br \/>\n[\/et_pb_text][\/et_pb_column][\/et_pb_row][\/et_pb_section]<\/p>\n","protected":false},"excerpt":{"rendered":"<p>Irsko se stalo prvn\u00ed zem\u00ed, kter\u00e1 zcela st\u00e1hne ve\u0159ejn\u00e9 pen\u00edze z\u00a0investic do fosiln\u00edch paliv 6. prosince 2018 odhlasoval irsk\u00fd parlament devades\u00e1ti hlasy proti pades\u00e1ti t\u0159em z\u00e1kon, kter\u00fd znemo\u017en\u00ed nad\u00e1le investovat ve\u0159ejn\u00e9 pen\u00edze do projekt\u016f t\u011b\u017eby a spalov\u00e1n\u00ed fosiln\u00edch paliv. Nez\u00e1visl\u00fd poslanec Thomas Pringle, kter\u00fd z\u00e1kon uvedl, \u0159ekl, \u017ee nov\u00fd z\u00e1kon je d\u016fle\u017eit\u00fdm sd\u011blen\u00edm pro ty, [&hellip;]<\/p>\n","protected":false},"author":1,"featured_media":337,"comment_status":"closed","ping_status":"closed","sticky":false,"template":"","format":"standard","meta":{"_et_pb_use_builder":"on","_et_pb_old_content":"","_et_gb_content_width":""},"categories":[5,8],"tags":[],"_links":{"self":[{"href":"https:\/\/www.zitlaudatosi.cz\/index.php\/wp-json\/wp\/v2\/posts\/336"}],"collection":[{"href":"https:\/\/www.zitlaudatosi.cz\/index.php\/wp-json\/wp\/v2\/posts"}],"about":[{"href":"https:\/\/www.zitlaudatosi.cz\/index.php\/wp-json\/wp\/v2\/types\/post"}],"author":[{"embeddable":true,"href":"https:\/\/www.zitlaudatosi.cz\/index.php\/wp-json\/wp\/v2\/users\/1"}],"replies":[{"embeddable":true,"href":"https:\/\/www.zitlaudatosi.cz\/index.php\/wp-json\/wp\/v2\/comments?post=336"}],"version-history":[{"count":10,"href":"https:\/\/www.zitlaudatosi.cz\/index.php\/wp-json\/wp\/v2\/posts\/336\/revisions"}],"predecessor-version":[{"id":1484,"href":"https:\/\/www.zitlaudatosi.cz\/index.php\/wp-json\/wp\/v2\/posts\/336\/revisions\/1484"}],"wp:featuredmedia":[{"embeddable":true,"href":"https:\/\/www.zitlaudatosi.cz\/index.php\/wp-json\/wp\/v2\/media\/337"}],"wp:attachment":[{"href":"https:\/\/www.zitlaudatosi.cz\/index.php\/wp-json\/wp\/v2\/media?parent=336"}],"wp:term":[{"taxonomy":"category","embeddable":true,"href":"https:\/\/www.zitlaudatosi.cz\/index.php\/wp-json\/wp\/v2\/categories?post=336"},{"taxonomy":"post_tag","embeddable":true,"href":"https:\/\/www.zitlaudatosi.cz\/index.php\/wp-json\/wp\/v2\/tags?post=336"}],"curies":[{"name":"wp","href":"https:\/\/api.w.org\/{rel}","templated":true}]}}