{"id":3156,"date":"2023-05-03T20:30:59","date_gmt":"2023-05-03T20:30:59","guid":{"rendered":"https:\/\/www.zitlaudatosi.cz\/?p=3156"},"modified":"2023-05-10T13:16:59","modified_gmt":"2023-05-10T13:16:59","slug":"tyden-laudato-si","status":"publish","type":"post","link":"https:\/\/www.zitlaudatosi.cz\/index.php\/2023\/05\/03\/tyden-laudato-si\/","title":{"rendered":"T\u00fdden Laudato si&#8216; 2023"},"content":{"rendered":"<p>[et_pb_section fb_built=&#8220;1&#8243; _builder_version=&#8220;4.16&#8243; custom_padding=&#8220;0|0px|0px|0px|false|false&#8220; global_colors_info=&#8220;{}&#8220;][et_pb_row _builder_version=&#8220;4.16&#8243; custom_padding=&#8220;0px|0px|0|0px|false|false&#8220; global_colors_info=&#8220;{}&#8220;][et_pb_column type=&#8220;4_4&#8243; _builder_version=&#8220;4.16&#8243; custom_padding=&#8220;|||&#8220; global_colors_info=&#8220;{}&#8220; custom_padding__hover=&#8220;|||&#8220;][et_pb_text _builder_version=&#8220;4.16&#8243; inline_fonts=&#8220;Trebuchet,Verdana,Asul,Abhaya Libre&#8220; global_colors_info=&#8220;{}&#8220;]<\/p>\n<p style=\"text-align: center;\"><span style=\"font-size: x-large; color: #004ff9;\"><strong><span size=\"5\">Slav\u00edme T\u00fdden Laudato si&#8216; 2023<\/span><\/strong><\/span><\/p>\n<p><span style=\"color: #313132; font-size: 13.5pt;\"><\/span><\/p>\n<p><span style=\"color: #000000;\"><strong><span style=\"font-family: 'Abhaya Libre'; font-size: large;\">T\u00fddnem Laudato si&#8216; si \u0159\u00edmskokatolick\u00e1 spole\u010denstv\u00ed v\u0161ude po sv\u011bt\u011b p\u0159ipom\u00ednaj\u00ed letos ji\u017e osm\u00e9 v\u00fdro\u010d\u00ed vyd\u00e1n\u00ed encykliky Laudato si&#8216;. <\/span><\/strong><strong><span style=\"font-family: 'Abhaya Libre'; font-size: large;\">\u00dast\u0159edn\u00edm t\u00e9matem leto\u0161n\u00edch oslav je \u201eNad\u011bje pro Zemi, nad\u011bje pro lidstvo\u201c.<\/span><\/strong><\/span><\/p>\n<p><span style=\"color: #313132; font-size: 13.5pt;\"><\/span><\/p>\n<p><span style=\"color: #313132; font-size: 13.5pt;\"><\/span><\/p>\n<p>[\/et_pb_text][\/et_pb_column][\/et_pb_row][et_pb_row _builder_version=&#8220;4.16&#8243; custom_margin=&#8220;|auto|21px|auto||&#8220; custom_padding=&#8220;0|0px|2px|0px|false|false&#8220; global_colors_info=&#8220;{}&#8220;][et_pb_column type=&#8220;4_4&#8243; _builder_version=&#8220;4.16&#8243; custom_padding=&#8220;|||&#8220; global_colors_info=&#8220;{}&#8220; custom_padding__hover=&#8220;|||&#8220;][et_pb_image src=&#8220;https:\/\/www.zitlaudatosi.cz\/wp-content\/uploads\/2023\/05\/LSW-LOGO_EN.png&#8220; title_text=&#8220;LSW LOGO_EN&#8220; align_tablet=&#8220;center&#8220; align_phone=&#8220;&#8220; align_last_edited=&#8220;on|desktop&#8220; _builder_version=&#8220;4.19.4&#8243; custom_margin=&#8220;-12px|||||&#8220; global_colors_info=&#8220;{}&#8220;][\/et_pb_image][\/et_pb_column][\/et_pb_row][et_pb_row _builder_version=&#8220;4.16&#8243; custom_padding=&#8220;0|0px|11px|0px|false|false&#8220; global_colors_info=&#8220;{}&#8220;][et_pb_column type=&#8220;4_4&#8243; _builder_version=&#8220;4.16&#8243; custom_padding=&#8220;|||&#8220; global_colors_info=&#8220;{}&#8220; custom_padding__hover=&#8220;|||&#8220;][et_pb_text _builder_version=&#8220;4.16&#8243; custom_margin=&#8220;-8px|||||&#8220; inline_fonts=&#8220;Verdana,Asul,Abhaya Libre,Abril Fatface&#8220; global_colors_info=&#8220;{}&#8220;]<\/p>\n<div><\/div>\n<p><span style=\"font-family: 'Abhaya Libre'; font-weight: normal; font-size: large; color: #000000;\">Hlavn\u00ed n\u00e1pln\u00ed leto\u0161n\u00edch oslav bude prom\u00edt\u00e1n\u00ed filmu The Letter, kter\u00fd byl nato\u010den v koprodukci Laudato Si&#8216; Movement a Off the Fence proto, aby div\u00e1cky p\u0159\u00edstupn\u00fdm zp\u016fsobem sd\u011blil n\u011bkter\u00e1 ze z\u00e1kladn\u00edch t\u00e9mat encykliky Laudato si&#8216;, kter\u00e1 je &#8211; \u0159e\u010deno slovy jedn\u00e9 z hlavn\u00edch postav &#8211; &#8222;dopis, kter\u00fd pape\u017e Franti\u0161ek napsal ka\u017ed\u00e9mu \u010dlov\u011bku, tedy i tob\u011b.&#8220; Je to p\u0159\u00edb\u011bh lid\u00ed z r\u016fzn\u00fdch kout\u016f sv\u011bta, kter\u00e9 spojuje to, \u017ee \u010del\u00ed d\u016fsledk\u016fm \u0161patn\u00e9ho spr\u00e1vcovstv\u00ed vykon\u00e1van\u00e9ho lidmi ve stvo\u0159en\u00ed. Tito lid\u00e9 &#8211; klimatick\u00fd uprchl\u00edk ze Senegalu, n\u00e1ctilet\u00e1 aktivistka z Indie, amazonsk\u00fd domorod\u00fd v\u016fdce a man\u017eelsk\u00fd badatelsk\u00fd t\u00fdm oceanolog\u016f z Hawaii &#8211; jsou svedeni dohromady dopisem, j\u00edm\u017e je Dikasterium pro integr\u00e1ln\u00ed lidsk\u00fd rozvoj jm\u00e9nem pape\u017ee Franti\u0161ka zve do \u0158\u00edma k setk\u00e1n\u00ed. <\/span><\/p>\n<p><span style=\"font-size: large;\"><\/span><\/p>\n<p>[\/et_pb_text][et_pb_video src=&#8220;https:\/\/www.youtube.com\/watch?v=l3EBHebH17Y&#8220; _builder_version=&#8220;4.19.4&#8243; _module_preset=&#8220;default&#8220; global_colors_info=&#8220;{}&#8220;][\/et_pb_video][et_pb_text _builder_version=&#8220;4.16&#8243; custom_margin=&#8220;-8px|||||&#8220; inline_fonts=&#8220;Verdana,Asul,Abhaya Libre,Abril Fatface,Aboreto&#8220; global_colors_info=&#8220;{}&#8220;]<\/p>\n<div><\/div>\n<p><span style=\"font-family: 'Abhaya Libre'; font-weight: normal; font-size: large; color: #000000;\">Film sleduje, jak tito lid\u00e9 &#8211; tak odli\u0161n\u00ed, ale spojen\u00ed spole\u010dn\u00fdm z\u00e1rmutkem &#8211;\u00a0spolu s p\u0159edsedkyn\u00ed spr\u00e1vn\u00ed rady Laudato Si&#8216; Movement putuj\u00ed do Assisi, na cest\u011b navazuj\u00ed nov\u00e9 vztahy mezi sebou a tak\u00e9 s pape\u017eem Franti\u0161kem, kter\u00fd je p\u0159ij\u00edm\u00e1. Z jejich rozmanitosti v rozhovorech vznik\u00e1 k\u0159ehk\u00e1 nov\u00e1 jednota, v n\u00ed\u017e mohou sd\u00edlet hodnoty a mohou z n\u00ed \u010derpat nad\u011bji.<\/span><\/p>\n<p><span style=\"font-family: 'Abhaya Libre'; font-weight: normal; font-size: large; color: #000000;\">Od t\u00e9 doby, co byl 4. \u0159\u00edjna 2022 film uveden slavnostn\u00ed premi\u00e9rou ve Vatik\u00e1nu, po\u0159\u00e1d\u00e1 Laudato Si&#8216; Movement prost\u0159ednictv\u00edm sv\u00fdch anim\u00e1tor\u016f a \u010dlensk\u00fdch organizac\u00ed prom\u00edt\u00e1n\u00ed po cel\u00e9m sv\u011bt\u011b &#8211; ve farnostech, v knihovn\u00e1ch, v domech \u0159eholn\u00edch kongregac\u00ed, na mezin\u00e1rodn\u00edch kongresech a konferenc\u00edch, v s\u00eddle prezidenta Irsk\u00e9 republiky, na ostrov\u011b Timor, kter\u00fd se pot\u00fdk\u00e1 s p\u0159ebytkem odpadu a z\u00e1plavami &#8211; aby tak poselstv\u00ed nad\u011bje, kter\u00e9 je v encyklice Laudato si&#8216; obsa\u017eeno, mohlo oslovit co nejv\u00edce div\u00e1k\u016f.<\/span><\/p>\n<p><span style=\"color: #0c71c3; font-size: large; font-family: 'Abhaya Libre'; font-weight: normal;\"><strong>V \u010cesk\u00e9 republice bude film v T\u00fddnu Laudato si&#8216; v sobotu 27. kv\u011btna vys\u00edlat Televize Noe+.<\/strong><\/span><\/p>\n<p><span style=\"font-family: 'Abhaya Libre'; font-weight: normal; font-size: large; color: #000000;\">\u017d\u00edt Laudato si&#8216; na Slov\u00e1cku srde\u010dn\u011b zve 25. kv\u011btna k ekumenick\u00e9 modlitb\u011b ve stromov\u00e9 kapli ve hv\u011bzd\u00e1ch mezi B\u0159eclav\u00ed a Lan\u017ehotem. P\u0159edch\u00e1zet j\u00ed bude \u00favodn\u00ed slovo o integr\u00e1ln\u00ed ekologii, po modlitb\u011b bude n\u00e1sledovat piknik.<\/span><\/p>\n<p><span style=\"font-size: large;\"><\/span><\/p>\n<p>[\/et_pb_text][et_pb_image src=&#8220;https:\/\/www.zitlaudatosi.cz\/wp-content\/uploads\/2023\/05\/ekumenicka-modlitba-za-stvoreni-na-sirku.jpg&#8220; title_text=&#8220;ekumenick\u00e1 modlitba za stvoreni na sirku&#8220; _builder_version=&#8220;4.19.4&#8243; _module_preset=&#8220;default&#8220; global_colors_info=&#8220;{}&#8220;][\/et_pb_image][\/et_pb_column][\/et_pb_row][\/et_pb_section]<\/p>\n","protected":false},"excerpt":{"rendered":"<p>Slav\u00edme T\u00fdden Laudato si&#8216; 2023 T\u00fddnem Laudato si&#8216; si \u0159\u00edmskokatolick\u00e1 spole\u010denstv\u00ed v\u0161ude po sv\u011bt\u011b p\u0159ipom\u00ednaj\u00ed letos ji\u017e osm\u00e9 v\u00fdro\u010d\u00ed vyd\u00e1n\u00ed encykliky Laudato si&#8216;. \u00dast\u0159edn\u00edm t\u00e9matem leto\u0161n\u00edch oslav je \u201eNad\u011bje pro Zemi, nad\u011bje pro lidstvo\u201c. Hlavn\u00ed n\u00e1pln\u00ed leto\u0161n\u00edch oslav bude prom\u00edt\u00e1n\u00ed filmu The Letter, kter\u00fd byl nato\u010den v koprodukci Laudato Si&#8216; Movement a Off the Fence [&hellip;]<\/p>\n","protected":false},"author":1,"featured_media":3163,"comment_status":"open","ping_status":"open","sticky":false,"template":"","format":"standard","meta":{"_et_pb_use_builder":"on","_et_pb_old_content":"","_et_gb_content_width":""},"categories":[5],"tags":[],"_links":{"self":[{"href":"https:\/\/www.zitlaudatosi.cz\/index.php\/wp-json\/wp\/v2\/posts\/3156"}],"collection":[{"href":"https:\/\/www.zitlaudatosi.cz\/index.php\/wp-json\/wp\/v2\/posts"}],"about":[{"href":"https:\/\/www.zitlaudatosi.cz\/index.php\/wp-json\/wp\/v2\/types\/post"}],"author":[{"embeddable":true,"href":"https:\/\/www.zitlaudatosi.cz\/index.php\/wp-json\/wp\/v2\/users\/1"}],"replies":[{"embeddable":true,"href":"https:\/\/www.zitlaudatosi.cz\/index.php\/wp-json\/wp\/v2\/comments?post=3156"}],"version-history":[{"count":17,"href":"https:\/\/www.zitlaudatosi.cz\/index.php\/wp-json\/wp\/v2\/posts\/3156\/revisions"}],"predecessor-version":[{"id":3185,"href":"https:\/\/www.zitlaudatosi.cz\/index.php\/wp-json\/wp\/v2\/posts\/3156\/revisions\/3185"}],"wp:featuredmedia":[{"embeddable":true,"href":"https:\/\/www.zitlaudatosi.cz\/index.php\/wp-json\/wp\/v2\/media\/3163"}],"wp:attachment":[{"href":"https:\/\/www.zitlaudatosi.cz\/index.php\/wp-json\/wp\/v2\/media?parent=3156"}],"wp:term":[{"taxonomy":"category","embeddable":true,"href":"https:\/\/www.zitlaudatosi.cz\/index.php\/wp-json\/wp\/v2\/categories?post=3156"},{"taxonomy":"post_tag","embeddable":true,"href":"https:\/\/www.zitlaudatosi.cz\/index.php\/wp-json\/wp\/v2\/tags?post=3156"}],"curies":[{"name":"wp","href":"https:\/\/api.w.org\/{rel}","templated":true}]}}