{"id":2711,"date":"2021-11-01T20:16:20","date_gmt":"2021-11-01T20:16:20","guid":{"rendered":"https:\/\/www.zitlaudatosi.cz\/?p=2711"},"modified":"2023-01-07T18:19:39","modified_gmt":"2023-01-07T18:19:39","slug":"doprovazime-cop26","status":"publish","type":"post","link":"https:\/\/www.zitlaudatosi.cz\/index.php\/2021\/11\/01\/doprovazime-cop26\/","title":{"rendered":"Doprov\u00e1z\u00edme COP26"},"content":{"rendered":"<p>[et_pb_section fb_built=&#8220;1&#8243; _builder_version=&#8220;4.16&#8243; custom_padding=&#8220;0|0px|0px|0px|false|false&#8220; global_colors_info=&#8220;{}&#8220;][et_pb_row _builder_version=&#8220;4.16&#8243; custom_padding=&#8220;0px|0px|0|0px|false|false&#8220; global_colors_info=&#8220;{}&#8220;][et_pb_column type=&#8220;4_4&#8243; _builder_version=&#8220;4.16&#8243; custom_padding=&#8220;|||&#8220; global_colors_info=&#8220;{}&#8220; custom_padding__hover=&#8220;|||&#8220;][et_pb_text _builder_version=&#8220;4.16&#8243; inline_fonts=&#8220;Trebuchet,Verdana&#8220; global_colors_info=&#8220;{}&#8220; custom_padding=&#8220;||0px|||&#8220;]<\/p>\n<p style=\"text-align: center;\"><span style=\"font-size: x-large; color: #e09900;\"><strong><span size=\"5\">Doprov\u00e1z\u00edme COP26<\/span><\/strong><\/span><\/p>\n<p><span style=\"color: #313132; font-size: 13.5pt;\"><\/span><\/p>\n<p><span style=\"font-size: medium; font-family: Verdana; color: #000000;\">Ve dnech 31. \u0159\u00edjna &#8211; 12. listopadu 2021 se v Glasgow kon\u00e1 konference COP26, <span>setk\u00e1n\u00ed z\u00e1stupc\u016f sv\u011btov\u00fdch vl\u00e1d, kter\u00e9 ji\u017e t\u00e9m\u011b\u0159 t\u0159icet let hledaj\u00ed cesty k tomu, jak \u010delit klimatick\u00e9 krizi. P\u0159\u00edpravy na konferenci jsou doprov\u00e1zeny velkou pozornost\u00ed n\u00e1bo\u017eensk\u00fdch subjekt\u016f a zejm\u00e9na v Brit\u00e1nii intenzivn\u00edm modlitebn\u00edm \u00fasil\u00edm.<\/span><\/span><\/p>\n<p><span style=\"color: #313132; font-size: 13.5pt;\"><\/span><\/p>\n<p><span style=\"color: #313132; font-size: 13.5pt;\"><\/span><\/p>\n<p>[\/et_pb_text][\/et_pb_column][\/et_pb_row][et_pb_row _builder_version=&#8220;4.16&#8243; custom_padding=&#8220;0|0px|2px|0px|false|false&#8220; global_colors_info=&#8220;{}&#8220; min_height=&#8220;511.5px&#8220;][et_pb_column type=&#8220;4_4&#8243; _builder_version=&#8220;4.16&#8243; custom_padding=&#8220;|||&#8220; global_colors_info=&#8220;{}&#8220; custom_padding__hover=&#8220;|||&#8220;][et_pb_image src=&#8220;https:\/\/www.zitlaudatosi.cz\/wp-content\/uploads\/2021\/11\/taize.jpg&#8220; title_text=&#8220;taiz\u00e9&#8220; align_tablet=&#8220;center&#8220; align_phone=&#8220;&#8220; align_last_edited=&#8220;on|desktop&#8220; _builder_version=&#8220;4.16&#8243; global_colors_info=&#8220;{}&#8220;][\/et_pb_image][et_pb_text _builder_version=&#8220;4.16&#8243; global_colors_info=&#8220;{}&#8220;][\/et_pb_text][\/et_pb_column][\/et_pb_row][et_pb_row _builder_version=&#8220;4.16&#8243; custom_padding=&#8220;0|0px|35px|0px|false|false&#8220; global_colors_info=&#8220;{}&#8220;][et_pb_column type=&#8220;4_4&#8243; _builder_version=&#8220;4.16&#8243; custom_padding=&#8220;|||&#8220; global_colors_info=&#8220;{}&#8220; custom_padding__hover=&#8220;|||&#8220;][et_pb_text _builder_version=&#8220;4.16&#8243; inline_fonts=&#8220;Verdana&#8220; global_colors_info=&#8220;{}&#8220;]<\/p>\n<p class=\"-wm-MsoNormal\"><span style=\"font-size: 16px; color: #000000; font-family: Verdana;\">Do tohoto mostu v\u00edry jsme vstoupili i my, kdy\u017e jsme t\u0159i ve\u010dery po sob\u011b d\u011bkovali za v\u0161echny, kdo se pod\u00edlej\u00ed na \u00fasil\u00ed o udr\u017een\u00ed mo\u017enosti d\u016fstojn\u00e9ho \u017eivota na Zemi, a prosili o to, aby st\u00e1ty zapojen\u00e9 do klimatick\u00e9 konference COP26 p\u0159ijaly a dodr\u017eely nov\u00e9 z\u00e1vazky. P\u0159itom jsme p\u0159ednesli \u010desk\u00fd p\u0159eklad souboru modliteb, kter\u00e9 jako p\u0159\u00edpravu k\u0159es\u0165ansk\u00e9ho spole\u010denstv\u00ed na bl\u00ed\u017e\u00edc\u00ed se konferenci zapsal Rev. Jon Swales.<\/span><\/p>\n<p class=\"-wm-MsoNormal\"><span style=\"font-family: Verdana; font-weight: normal; font-size: medium;\"><span style=\"color: #000000;\">T<span>exty modliteb jsou dostupn\u00e9 z\u00a0<\/span><a href=\"https:\/\/atyourservice.arocha.org\/en\/26-prayers-for-the-climate-and-ecological-emergency\/\" target=\"_blank\" rel=\"noopener\">26 Prayers for the Climate and Ecological Emergency \u2013 At your service (arocha.org)<\/a><span> a z\u00a0<\/span><a href=\"https:\/\/www.zitlaudatosi.cz\/wp-content\/uploads\/2021\/06\/26-modliteb-za-klima-a-stav-ekologicke-nouze.pdf\" target=\"_blank\" rel=\"noopener\">Prayers for the Climate and Ecological Emergency (zitlaudatosi.cz)<\/a><span>, setk\u00e1n\u00ed prob\u011bhla <\/span>ve virtu\u00e1ln\u00ed m\u00edstnosti <a href=\"https:\/\/meet.jit.si\/ZitLaudatoSiCeskaRepublika\">Zit Laudato Si Ceska Republika | Jitsi Meet<\/a> ve dnech 28.-30. 10.<\/span><\/span><span style=\"font-family: Verdana; font-weight: normal; font-size: medium;\"><span style=\"color: #000000;\"><\/span><\/span><\/p>\n<p class=\"-wm-MsoNormal\"><span style=\"font-family: Verdana; font-weight: normal; font-size: medium;\"><span style=\"color: #000000;\"><span>Proto\u017ee n\u011bkte\u0159\u00ed z \u00fa\u010dastn\u00edk\u016f projevili p\u0159\u00e1n\u00ed znovu se setkat a o textech si popov\u00eddat, setk\u00e1me se ve \u010dtvrtek 4. 11. ve 22h tamt\u00e9\u017e k spole\u010dn\u00e9 reflexi.<\/span><\/span><\/span><span style=\"font-family: Verdana; font-weight: normal; font-size: medium;\"><span style=\"color: #000000;\"><\/span><\/span><\/p>\n<p class=\"-wm-MsoNormal\">\n<p class=\"-wm-MsoNormal\">\n<p><span style=\"font-size: large;\"><\/span><\/p>\n<p>[\/et_pb_text][\/et_pb_column][\/et_pb_row][\/et_pb_section]<\/p>\n","protected":false},"excerpt":{"rendered":"<p>Doprov\u00e1z\u00edme COP26 Ve dnech 31. \u0159\u00edjna &#8211; 12. listopadu 2021 se v Glasgow kon\u00e1 konference COP26, setk\u00e1n\u00ed z\u00e1stupc\u016f sv\u011btov\u00fdch vl\u00e1d, kter\u00e9 ji\u017e t\u00e9m\u011b\u0159 t\u0159icet let hledaj\u00ed cesty k tomu, jak \u010delit klimatick\u00e9 krizi. P\u0159\u00edpravy na konferenci jsou doprov\u00e1zeny velkou pozornost\u00ed n\u00e1bo\u017eensk\u00fdch subjekt\u016f a zejm\u00e9na v Brit\u00e1nii intenzivn\u00edm modlitebn\u00edm \u00fasil\u00edm. Do tohoto mostu v\u00edry jsme vstoupili [&hellip;]<\/p>\n","protected":false},"author":1,"featured_media":2714,"comment_status":"open","ping_status":"open","sticky":false,"template":"","format":"standard","meta":{"_et_pb_use_builder":"on","_et_pb_old_content":"","_et_gb_content_width":""},"categories":[5],"tags":[],"_links":{"self":[{"href":"https:\/\/www.zitlaudatosi.cz\/index.php\/wp-json\/wp\/v2\/posts\/2711"}],"collection":[{"href":"https:\/\/www.zitlaudatosi.cz\/index.php\/wp-json\/wp\/v2\/posts"}],"about":[{"href":"https:\/\/www.zitlaudatosi.cz\/index.php\/wp-json\/wp\/v2\/types\/post"}],"author":[{"embeddable":true,"href":"https:\/\/www.zitlaudatosi.cz\/index.php\/wp-json\/wp\/v2\/users\/1"}],"replies":[{"embeddable":true,"href":"https:\/\/www.zitlaudatosi.cz\/index.php\/wp-json\/wp\/v2\/comments?post=2711"}],"version-history":[{"count":9,"href":"https:\/\/www.zitlaudatosi.cz\/index.php\/wp-json\/wp\/v2\/posts\/2711\/revisions"}],"predecessor-version":[{"id":3080,"href":"https:\/\/www.zitlaudatosi.cz\/index.php\/wp-json\/wp\/v2\/posts\/2711\/revisions\/3080"}],"wp:featuredmedia":[{"embeddable":true,"href":"https:\/\/www.zitlaudatosi.cz\/index.php\/wp-json\/wp\/v2\/media\/2714"}],"wp:attachment":[{"href":"https:\/\/www.zitlaudatosi.cz\/index.php\/wp-json\/wp\/v2\/media?parent=2711"}],"wp:term":[{"taxonomy":"category","embeddable":true,"href":"https:\/\/www.zitlaudatosi.cz\/index.php\/wp-json\/wp\/v2\/categories?post=2711"},{"taxonomy":"post_tag","embeddable":true,"href":"https:\/\/www.zitlaudatosi.cz\/index.php\/wp-json\/wp\/v2\/tags?post=2711"}],"curies":[{"name":"wp","href":"https:\/\/api.w.org\/{rel}","templated":true}]}}