{"id":2620,"date":"2021-08-26T15:27:38","date_gmt":"2021-08-26T15:27:38","guid":{"rendered":"https:\/\/www.zitlaudatosi.cz\/?p=2620"},"modified":"2021-08-31T20:46:18","modified_gmt":"2021-08-31T20:46:18","slug":"slavime-dobu-stvoreni-2021","status":"publish","type":"post","link":"https:\/\/www.zitlaudatosi.cz\/index.php\/2021\/08\/26\/slavime-dobu-stvoreni-2021\/","title":{"rendered":"Slav\u00edme Dobu stvo\u0159en\u00ed"},"content":{"rendered":"<p>[et_pb_section fb_built=&#8220;1&#8243; _builder_version=&#8220;3.22&#8243; custom_padding=&#8220;0|0px|0px|0px|false|false&#8220;][et_pb_row _builder_version=&#8220;3.25&#8243; background_size=&#8220;initial&#8220; background_position=&#8220;top_left&#8220; background_repeat=&#8220;repeat&#8220; custom_padding=&#8220;0px|0px|0|0px|false|false&#8220;][et_pb_column type=&#8220;4_4&#8243; _builder_version=&#8220;3.25&#8243; custom_padding=&#8220;|||&#8220; custom_padding__hover=&#8220;|||&#8220;][et_pb_text _builder_version=&#8220;3.27.4&#8243; inline_fonts=&#8220;Trebuchet,Verdana&#8220;]<\/p>\n<p style=\"text-align: center;\"><span style=\"font-size: x-large; color: #e09900;\"><strong><span size=\"5\">Slav\u00edme Dobu stvo\u0159en\u00ed 2021<\/span><\/strong><\/span><\/p>\n<p><span style=\"color: #313132; font-size: 13.5pt;\"><\/span><\/p>\n<p><span style=\"font-size: medium; font-family: Verdana; color: #000000;\">Ve dnech 1. z\u00e1\u0159\u00ed &#8211; 4. \u0159\u00edjna slav\u00ed k\u0159es\u0165ansk\u00e9 c\u00edrkve v ekumenick\u00e9m spole\u010denstv\u00ed n\u011bkolik t\u00fddn\u016f v\u011bnovan\u00fdch oslav\u011b Bo\u017e\u00edho jedn\u00e1n\u00ed ve stvo\u0159en\u00ed. P\u0159ipojujeme se v d\u00edk\u016fvzd\u00e1n\u00ed.<\/span><\/p>\n<p><span style=\"color: #313132; font-size: 13.5pt;\"><\/span><\/p>\n<p><span style=\"color: #313132; font-size: 13.5pt;\"><\/span><\/p>\n<p>[\/et_pb_text][\/et_pb_column][\/et_pb_row][et_pb_row _builder_version=&#8220;3.25&#8243; background_size=&#8220;initial&#8220; background_position=&#8220;top_left&#8220; background_repeat=&#8220;repeat&#8220; custom_padding=&#8220;0|0px|2px|0px|false|false&#8220;][et_pb_column type=&#8220;4_4&#8243; _builder_version=&#8220;3.25&#8243; custom_padding=&#8220;|||&#8220; custom_padding__hover=&#8220;|||&#8220;][et_pb_image src=&#8220;https:\/\/www.zitlaudatosi.cz\/wp-content\/uploads\/2021\/08\/ABRAHAM_TENT_program.png&#8220; title_text=&#8220;ABRAHAM_TENT_program&#8220; align_tablet=&#8220;center&#8220; align_phone=&#8220;&#8220; align_last_edited=&#8220;on|desktop&#8220; _builder_version=&#8220;4.9.7&#8243;][\/et_pb_image][et_pb_text _builder_version=&#8220;3.27.4&#8243;][\/et_pb_text][\/et_pb_column][\/et_pb_row][et_pb_row _builder_version=&#8220;3.25&#8243; background_size=&#8220;initial&#8220; background_position=&#8220;top_left&#8220; background_repeat=&#8220;repeat&#8220; custom_padding=&#8220;0|0px|35px|0px|false|false&#8220;][et_pb_column type=&#8220;4_4&#8243; _builder_version=&#8220;3.25&#8243; custom_padding=&#8220;|||&#8220; custom_padding__hover=&#8220;|||&#8220;][et_pb_text _builder_version=&#8220;3.27.4&#8243; inline_fonts=&#8220;Verdana&#8220;]<\/p>\n<p class=\"-wm-MsoNormal\"><span style=\"font-family: Verdana; font-weight: normal; font-size: medium;\"><span style=\"color: #000000;\"><\/span><\/span><\/p>\n<p class=\"-wm-MsoNormal\"><span style=\"font-family: Verdana; font-weight: normal; font-size: medium;\"><span style=\"color: #000000;\">V p\u0159edve\u010der Dne modliteb za p\u00e9\u010di o stvo\u0159en\u00ed, j\u00edm\u017e Doba stvo\u0159en\u00ed za\u010d\u00edn\u00e1, za\u010d\u00edn\u00e1me pravidelnou modlitbou <a href=\"https:\/\/www.zitlaudatosi.cz\/wp-admin\/upload.php?item=2430\">Korunky Laudato si&#8216;<\/a> ve 22h ve virtu\u00e1ln\u00ed m\u00edstnosti <a href=\"https:\/\/meet.jit.si\/ZitLaudatoSiCeskaRepublika\">Zit Laudato Si Ceska Republika | Jitsi Meet<\/a>. K modlitb\u011b vyu\u017e\u00edvaj\u00edc\u00ed texty chval zapsan\u00e9 svat\u00fdm Franti\u0161kem z Assisi se m\u016f\u017eete p\u0159ipojit kdykoli soukrom\u011b a ka\u017ed\u00e9 \u00fater\u00fd ve\u010der online.<\/span><\/span><\/p>\n<p class=\"-wm-MsoNormal\"><span style=\"font-family: Verdana; font-weight: normal; font-size: medium;\"><span style=\"color: #000000;\">Ve st\u0159edu 1. z\u00e1\u0159\u00ed se v kostele Narozen\u00ed Panny Marie ve Velk\u00fdch B\u00edlovic\u00edch uskute\u010dn\u00ed moderovan\u00e1 eucharistick\u00e1 adorace se zp\u011bvem. Budeme chv\u00e1lit P\u00e1na za pestrost stvo\u0159en\u00ed a prosit, aby Zem\u011b, Bo\u017e\u00ed d\u016fm, byla obnovena a byla domovem pro v\u0161echny.<\/span><\/span><\/p>\n<p class=\"-wm-MsoNormal\"><span style=\"font-family: Verdana; font-weight: normal; font-size: medium;\"><span style=\"color: #000000;\">V p\u00e1tek 10. z\u00e1\u0159\u00ed v 18h bude v kostele svat\u00e9ho V\u00e1clava v B\u0159eclavi slavena m\u0161e svat\u00e1\u00a0 \u00a0 s pod\u011bkov\u00e1n\u00edm a prosbami za Zemi, spole\u010dn\u00fd domov pro v\u0161echny tvory.<\/span><\/span><\/p>\n<p class=\"-wm-MsoNormal\"><span style=\"font-family: Verdana; font-weight: normal; font-size: medium;\"><span style=\"color: #000000;\">V \u00fater\u00fd 14. z\u00e1\u0159\u00ed v 17h se v kostele \u010ceskobratrsk\u00e9 c\u00edrkve evangelick\u00e9 v B\u0159eclavi bude konat ekumenick\u00e1 modlitba za Zemi n\u00e1sledovan\u00e1 p\u0159edn\u00e1\u0161kou &#8222;Franti\u0161ek z Assisi jako inspirace pro vztah k p\u0159\u00edrod\u011b&#8220;. P\u0159edn\u00e1\u0161et bude Mgr. Jan Z\u00e1me\u010dn\u00edk, Ph.D., environment\u00e1ln\u00ed teolog, kter\u00fd vyu\u010duje na kated\u0159e teologick\u00e9 etiky ETF UK a extern\u011b\u00a0 na kated\u0159e environment\u00e1ln\u00edch studi\u00ed FSS MU.<\/span><\/span><\/p>\n<p class=\"-wm-MsoNormal\"><span style=\"font-family: Verdana; font-weight: normal; font-size: medium;\"><span style=\"color: #000000;\">V ned\u011bli 19. z\u00e1\u0159\u00ed se Doba stvo\u0159en\u00ed a Bo\u017e\u00ed d\u00edlo ve stvo\u0159en\u00ed bude p\u0159ipom\u00ednat p\u0159i m\u0161\u00edch svat\u00fdch slaven\u00fdch v kostele svat\u00e9 Terezie od D\u00edt\u011bte Je\u017e\u00ed\u0161e v Praze-Kobylis\u00edch.<\/span><\/span><\/p>\n<p class=\"-wm-MsoNormal\"><span style=\"font-family: Verdana; font-weight: normal; font-size: medium;\"><span style=\"color: #000000;\">V p\u00e1tek 24. z\u00e1\u0159\u00ed podpo\u0159\u00edme modlitebn\u00edm setk\u00e1n\u00edm v Praze \u00fasil\u00ed studentsk\u00e9ho hnut\u00ed Fridays for Future \u010cesk\u00e1 republika, kter\u00e9 se p\u0159ipravuje na z\u00e1pas o budoucnost.\u00a0<\/span><\/span><\/p>\n<p class=\"-wm-MsoNormal\">\n<p class=\"-wm-MsoNormal\">\n<p><span style=\"font-size: large;\"><\/span><\/p>\n<p>[\/et_pb_text][\/et_pb_column][\/et_pb_row][\/et_pb_section]<\/p>\n","protected":false},"excerpt":{"rendered":"<p>Slav\u00edme Dobu stvo\u0159en\u00ed 2021 Ve dnech 1. z\u00e1\u0159\u00ed &#8211; 4. \u0159\u00edjna slav\u00ed k\u0159es\u0165ansk\u00e9 c\u00edrkve v ekumenick\u00e9m spole\u010denstv\u00ed n\u011bkolik t\u00fddn\u016f v\u011bnovan\u00fdch oslav\u011b Bo\u017e\u00edho jedn\u00e1n\u00ed ve stvo\u0159en\u00ed. P\u0159ipojujeme se v d\u00edk\u016fvzd\u00e1n\u00ed. V p\u0159edve\u010der Dne modliteb za p\u00e9\u010di o stvo\u0159en\u00ed, j\u00edm\u017e Doba stvo\u0159en\u00ed za\u010d\u00edn\u00e1, za\u010d\u00edn\u00e1me pravidelnou modlitbou Korunky Laudato si&#8216; ve 22h ve virtu\u00e1ln\u00ed m\u00edstnosti Zit Laudato Si [&hellip;]<\/p>\n","protected":false},"author":1,"featured_media":2614,"comment_status":"open","ping_status":"open","sticky":false,"template":"","format":"standard","meta":{"_et_pb_use_builder":"on","_et_pb_old_content":"","_et_gb_content_width":""},"categories":[5,1],"tags":[],"_links":{"self":[{"href":"https:\/\/www.zitlaudatosi.cz\/index.php\/wp-json\/wp\/v2\/posts\/2620"}],"collection":[{"href":"https:\/\/www.zitlaudatosi.cz\/index.php\/wp-json\/wp\/v2\/posts"}],"about":[{"href":"https:\/\/www.zitlaudatosi.cz\/index.php\/wp-json\/wp\/v2\/types\/post"}],"author":[{"embeddable":true,"href":"https:\/\/www.zitlaudatosi.cz\/index.php\/wp-json\/wp\/v2\/users\/1"}],"replies":[{"embeddable":true,"href":"https:\/\/www.zitlaudatosi.cz\/index.php\/wp-json\/wp\/v2\/comments?post=2620"}],"version-history":[{"count":15,"href":"https:\/\/www.zitlaudatosi.cz\/index.php\/wp-json\/wp\/v2\/posts\/2620\/revisions"}],"predecessor-version":[{"id":2661,"href":"https:\/\/www.zitlaudatosi.cz\/index.php\/wp-json\/wp\/v2\/posts\/2620\/revisions\/2661"}],"wp:featuredmedia":[{"embeddable":true,"href":"https:\/\/www.zitlaudatosi.cz\/index.php\/wp-json\/wp\/v2\/media\/2614"}],"wp:attachment":[{"href":"https:\/\/www.zitlaudatosi.cz\/index.php\/wp-json\/wp\/v2\/media?parent=2620"}],"wp:term":[{"taxonomy":"category","embeddable":true,"href":"https:\/\/www.zitlaudatosi.cz\/index.php\/wp-json\/wp\/v2\/categories?post=2620"},{"taxonomy":"post_tag","embeddable":true,"href":"https:\/\/www.zitlaudatosi.cz\/index.php\/wp-json\/wp\/v2\/tags?post=2620"}],"curies":[{"name":"wp","href":"https:\/\/api.w.org\/{rel}","templated":true}]}}