{"id":248,"date":"2018-10-27T10:24:22","date_gmt":"2018-10-27T10:24:22","guid":{"rendered":"http:\/\/www.zitlaudatosi.cz\/?p=248"},"modified":"2019-11-25T15:36:57","modified_gmt":"2019-11-25T15:36:57","slug":"biskupove-vyzyvaji-k-rychlemu-jednani-k-zachrane-lidstva","status":"publish","type":"post","link":"https:\/\/www.zitlaudatosi.cz\/index.php\/2018\/10\/27\/biskupove-vyzyvaji-k-rychlemu-jednani-k-zachrane-lidstva\/","title":{"rendered":"Biskupov\u00e9 vyz\u00fdvaj\u00ed k rychl\u00e9mu jedn\u00e1n\u00ed k z\u00e1chran\u011b lidstva"},"content":{"rendered":"<p>[et_pb_section fb_built=&#8220;1&#8243; _builder_version=&#8220;3.15&#8243; custom_padding=&#8220;0|0px|48px|0px|false|false&#8220;][et_pb_row _builder_version=&#8220;3.0.48&#8243; background_size=&#8220;initial&#8220; background_position=&#8220;top_left&#8220; background_repeat=&#8220;repeat&#8220;][et_pb_column type=&#8220;4_4&#8243; _builder_version=&#8220;3.0.47&#8243;][et_pb_text _builder_version=&#8220;3.15&#8243;]<span style=\"font-size: 18pt;\"><strong><span style=\"margin: 0px; color: black; line-height: 115%; font-family: 'Arial','sans-serif';\">Biskupov\u00e9 vyz\u00fdvaj\u00ed k\u00a0rychl\u00e9mu jedn\u00e1n\u00ed k\u00a0z\u00e1chran\u011b lidstva<\/span><\/strong><\/span><br \/>\n[\/et_pb_text][\/et_pb_column][\/et_pb_row][et_pb_row _builder_version=&#8220;3.0.48&#8243; background_size=&#8220;initial&#8220; background_position=&#8220;top_left&#8220; background_repeat=&#8220;repeat&#8220;][et_pb_column type=&#8220;3_5&#8243; _builder_version=&#8220;3.0.47&#8243;][et_pb_image src=&#8220;https:\/\/www.zitlaudatosi.cz\/wp-content\/uploads\/2018\/12\/2018-10-26-biskupov\u00e9-podepisuj\u00ed.png&#8220; _builder_version=&#8220;3.15&#8243;][\/et_pb_image][\/et_pb_column][et_pb_column type=&#8220;2_5&#8243; _builder_version=&#8220;3.0.47&#8243;][et_pb_text _builder_version=&#8220;3.15&#8243;]<span style=\"margin: 0px; color: black; font-family: 'Arial','sans-serif'; font-size: 13pt;\">P\u0159edstavitel\u00e9 sdru\u017een\u00ed biskupsk\u00fdch konferenc\u00ed \u0161esti kontinent\u016f podepsali prohl\u00e1\u0161en\u00ed ur\u010den\u00e9 p\u0159edstavitel\u016fm vl\u00e1d st\u00e1t\u016f, v\u00a0n\u011bm\u017e je vyz\u00fdvaj\u00ed, aby uv\u00e1d\u011bli do praxe Pa\u0159\u00ed\u017eskou dohodu.<\/span><br \/>\n[\/et_pb_text][\/et_pb_column][\/et_pb_row][et_pb_row _builder_version=&#8220;3.0.48&#8243; background_size=&#8220;initial&#8220; background_position=&#8220;top_left&#8220; background_repeat=&#8220;repeat&#8220;][et_pb_column type=&#8220;4_4&#8243; _builder_version=&#8220;3.0.47&#8243;][et_pb_text _builder_version=&#8220;3.15&#8243;]<b><span style=\"margin: 0px; color: black; font-family: '&amp;quot','serif'; font-size: 16.5pt;\">Bezodkladn\u00e9 jedn\u00e1n\u00ed na v\u0161ech \u00farovn\u00edch<\/span><\/b><\/p>\n<p><span style=\"margin: 0px; color: #424242; font-family: '&amp;quot','serif'; font-size: 11.5pt;\">26. \u0159\u00edjna 2018 podepsali biskupov\u00e9 zastupuj\u00edc\u00ed biskupsk\u00e9 konference \u0161esti kontinent\u016f prohl\u00e1\u0161en\u00ed, v n\u011bm\u017e vyz\u00fdvaj\u00ed k okam\u017eit\u00e9mu odv\u00e1\u017en\u00e9mu jedn\u00e1n\u00ed, kter\u00e9 by \u010delilo ni\u010div\u00fdm \u00fa\u010dink\u016fm klimatick\u00e9 krize, a\u00a0p\u0159ipom\u00ednaj\u00ed, \u017ee mezin\u00e1rodn\u00ed spole\u010denstv\u00ed mus\u00ed takov\u00e9 jedn\u00e1n\u00ed uskute\u010d\u0148ovat na v\u0161ech \u00farovn\u00edch: mus\u00ed se ho \u00fa\u010dastnit jednotlivci, spole\u010denstv\u00ed, m\u011bsta, regiony i cel\u00e9 n\u00e1rody. Biskupov\u00e9 d\u00e1le zd\u016fraz\u0148uj\u00ed, \u017ee je pot\u0159eba p\u0159ipravit se na rychl\u00e9 a radik\u00e1ln\u00ed zm\u011bny a odolat poku\u0161en\u00ed hledat \u0159e\u0161en\u00ed sou\u010dasn\u00e9ho stavu v\u00a0kr\u00e1tkodob\u00fdch technologick\u00fdch spr\u00e1vk\u00e1ch, ani\u017e by se v\u011bnovala pozornost p\u0159\u00ed\u010din\u00e1m krize a jej\u00edm dlouhodob\u00fdm d\u016fsledk\u016fm. \u017d\u00e1daj\u00ed, aby se jednalo rychle, zejm\u00e9na p\u0159i vytv\u00e1\u0159en\u00ed konkr\u00e9tn\u00edch pl\u00e1n\u016f, jak spravedliv\u011b rozd\u011blit zdroje a odpov\u011bdnost, a aby st\u00e1ty, kter\u00e9 p\u016fsob\u00ed velk\u00e9 zne\u010di\u0161t\u011bn\u00ed, p\u0159ijaly odpov\u011bdnost a dost\u00e1ly sv\u00fdm finan\u010dn\u00edm z\u00e1vazk\u016fm souvisej\u00edc\u00edm se zm\u011bnou klimatu. P\u0159ipom\u00ednaj\u00ed kr\u00e1tkozrakost, s\u00a0n\u00ed\u017e jednala jejich generace, kter\u00e1 nezanech\u00e1v\u00e1 potomk\u016fm zdravou planetu, a\u00a0\u017e\u00e1daj\u00ed, aby se nad\u00e1le jednalo s\u00a0ohledem na mezigenera\u010dn\u00ed spravedlnost a tak\u00e9 na lidskou d\u016fstojnost a pr\u00e1va t\u011bch, kdo jsou nejzraniteln\u011bj\u0161\u00ed.<\/span><\/p>\n<p><b><span style=\"margin: 0px; color: black; font-family: '&amp;quot','serif'; font-size: 16.5pt;\">1,5\u00b0 nutn\u00e9 k p\u0159e\u017eit\u00ed<\/span><\/b><\/p>\n<p><span style=\"margin: 0px; color: #424242; font-family: '&amp;quot','serif'; font-size: 11.5pt;\">Podle biskup\u016f m\u00e1 mezin\u00e1rodn\u00ed spole\u010denstv\u00ed mor\u00e1ln\u00ed povinnost udr\u017eet glob\u00e1ln\u00ed oteplen\u00ed hluboko pod 2\u00b0 nad p\u0159edindustri\u00e1ln\u00ed \u00farovn\u00ed a usilovat o 1,5\u00b0. V\u00a0d\u016fsledku glob\u00e1ln\u00edho oteplov\u00e1n\u00ed jsou ji\u017e nyn\u00ed mnoz\u00ed lid\u00e9 nuceni opou\u0161t\u011bt sv\u00e9 domovy a dal\u0161\u00ed miliony migrant\u016f budou brzy n\u00e1sledovat. P\u0159echod k\u00a0ekologick\u00e9 spravedlnosti, jak\u00fd vy\u017eaduje Pa\u0159\u00ed\u017esk\u00e1 dohoda, je pro lidi v\u00a0zraniteln\u00fdch oblastech a lidi \u017eij\u00edc\u00ed na pob\u0159e\u017e\u00edch ot\u00e1zkou \u017eivota a smrti.<\/span><\/p>\n<p><b><span style=\"margin: 0px; color: black; font-family: '&amp;quot','serif'; font-size: 16.5pt;\">P\u0159echod k\u00a0udr\u017eiteln\u00fdm zp\u016fsob\u016fm \u017eivota<\/span><\/b><\/p>\n<p><span style=\"margin: 0px; color: #424242; font-family: '&amp;quot','serif'; font-size: 11.5pt;\">Je tak\u00e9 pot\u0159eba politicky podporovat \u00fasil\u00ed o omezen\u00ed p\u0159ehnan\u00e9 spot\u0159eby a drasticky sn\u00ed\u017eit uhl\u00edkovou stopu jednotlivc\u016f i spole\u010denstv\u00ed, co\u017e vy\u017eaduje prom\u011bnu srdc\u00ed a mysl\u00ed. P\u0159itom je pot\u0159eba naslouchat tradic\u00edm p\u0159\u00edrodn\u00edch n\u00e1rod\u016f, kter\u00e9 nab\u00edzej\u00ed cenn\u00e9 podn\u011bty pro udr\u017eiteln\u00fd zp\u016fsob vyu\u017e\u00edv\u00e1n\u00ed p\u0159\u00edrodn\u00edch zdroj\u016f, a naopak nelze podporovat fale\u0161n\u00e1 \u0159e\u0161en\u00ed, kter\u00e1 p\u0159\u00edrodn\u00ed zdroje vyu\u017e\u00edvaj\u00ed jako v\u00fdrobn\u00ed komodity<\/span><\/p>\n<p><b><span style=\"margin: 0px; color: black; font-family: '&amp;quot','serif'; font-size: 16.5pt;\">Zm\u011bna finan\u010dn\u00edho paradigmatu<\/span><\/b><\/p>\n<p><span style=\"margin: 0px; color: #424242; font-family: '&amp;quot','serif'; font-size: 11.5pt;\">Proto\u017ee finan\u010dn\u00ed instituce probl\u00e9m spolup\u016fsob\u00ed a mohou se pod\u00edlet i na jeho \u0159e\u0161en\u00ed, je pot\u0159eba, aby byly finan\u010dn\u00ed trhy regulov\u00e1ny podle celosv\u011btov\u00fdch r\u00e1mcov\u00fdch \u00famluv, jako je Pa\u0159\u00ed\u017esk\u00e1 dohoda a C\u00edle udr\u017eiteln\u00e9ho rozvoje (2030 Agenda for Sustainable Development). Biskupov\u00e9 volaj\u00ed po pen\u011b\u017enictv\u00ed, kter\u00e9 bude slou\u017eit spole\u010dnosti, budovat spole\u010denstv\u00ed a podporovat integritu, rovnost a spravedlnost. <\/span><\/p>\n<p><b><span style=\"margin: 0px; color: black; font-family: '&amp;quot','serif'; font-size: 16.5pt;\">Transformace energetick\u00e9ho sektoru<\/span><\/b><\/p>\n<p><span style=\"margin: 0px; color: #424242; font-family: '&amp;quot','serif'; font-size: 11.5pt;\">D\u00e1le biskupov\u00e9 znovu opakuj\u00ed sv\u016fj po\u017eadavek z\u00a0roku 2015, aby byla ukon\u010dena doba fosiln\u00edch paliv a uskute\u010dn\u011bn rychl\u00fd p\u0159echod k\u00a0ekonomice poh\u00e1n\u011bn\u00e9 obnoviteln\u00fdmi zdroji energie, proto\u017ee podle v\u011bdc\u016f je nutn\u011b pot\u0159eba, aby v\u011bt\u0161ina z\u00e1sob fosiln\u00edch paliv z\u016fstala nevyt\u011b\u017eena. K\u00a0tomu je pot\u0159eba ukon\u010dit podporu t\u011b\u017eby a spalov\u00e1n\u00ed fosiln\u00edch paliv a investovat do spravedliv\u00e9ho p\u0159echodu na obnoviteln\u00e9 zdroje energie, kter\u00fd m\u016f\u017ee pomoci v\u00a0boji proti chudob\u011b, nerovnosti a zhor\u0161ov\u00e1n\u00ed \u017eivotn\u00edho prost\u0159ed\u00ed.<\/span><\/p>\n<p><b><span style=\"margin: 0px; color: black; font-family: '&amp;quot','serif'; font-size: 16.5pt;\">Nov\u00fd p\u0159\u00edstup k\u00a0obd\u011bl\u00e1v\u00e1n\u00ed p\u016fdy<\/span><\/b><\/p>\n<p><span style=\"margin: 0px; color: #424242; font-family: '&amp;quot','serif'; font-size: 11.5pt;\">Biskupov\u00e9 d\u00e1le p\u0159ipom\u00ednaj\u00ed, \u017ee obd\u011bl\u00e1v\u00e1n\u00ed p\u016fdy m\u00e1 zp\u0159\u00edstupnit v\u0161em lidem zdravou a v\u00fd\u017eivnou potravu, ne b\u00fdt vyu\u017e\u00edv\u00e1no k uspokojov\u00e1n\u00ed z\u00e1jm\u016f velk\u00fdch podnik\u016f na \u00fakor chud\u00fdch zem\u011bd\u011blc\u016f a\u00a0zdrav\u00ed lid\u00ed. Je pot\u0159eba podporovat agroekologii, zejm\u00e9na pro mal\u00e9 farm\u00e1\u0159e, nebo\u0165 je to model, kter\u00fd napom\u00e1h\u00e1 k blahu lid\u00ed, k\u00a0pos\u00edlen\u00ed spole\u010denstv\u00ed a k\u00a0p\u00e9\u010di o \u017eivotn\u00ed prost\u0159ed\u00ed. <\/span><\/p>\n<p><b><span style=\"margin: 0px; color: black; font-family: '&amp;quot','serif'; font-size: 16.5pt;\">Ekologick\u00e9 obr\u00e1cen\u00ed je duchovn\u00ed v\u00fdzvou<\/span><\/b><\/p>\n<p><span style=\"margin: 0px; color: #424242; font-family: '&amp;quot','serif'; font-size: 11.5pt;\">V\u00a0z\u00e1v\u011bru dokumentu biskupov\u00e9 obnovuj\u00ed sv\u016fj z\u00e1vazek podnikat kroky k\u00a0tomu, aby sami \u017eili zm\u011bnu, k\u00a0n\u00ed\u017e volaj\u00ed, ve sv\u00fdch instituc\u00edch a vyjad\u0159uj\u00ed sv\u00e9 p\u0159esv\u011bd\u010den\u00ed, \u017ee ekologick\u00e9 obr\u00e1cen\u00ed je tak\u00e9 duchovn\u00ed v\u00fdzvou. V\u00edtaj\u00ed v\u0161echny iniciativy v\u00a0katolick\u00e9 c\u00edrkvi i mimo ni, kter\u00e9 ji\u017e nyn\u00ed sv\u011bd\u010d\u00ed o tom, \u017ee je mo\u017en\u00e9, dosa\u017eiteln\u00e9 a spravedliv\u00e9 \u017e\u00edt udr\u017eiteln\u00fdm zp\u016fsobem, nebo\u0165 pr\u00e1v\u011b to je kl\u00ed\u010dem k p\u0159e\u017eit\u00ed lidstva.<\/span><\/p>\n<p><span style=\"margin: 0px; color: #424242; font-family: '&amp;quot','serif'; font-size: 11.5pt;\">\u00a0<\/span><\/p>\n<p><span style=\"margin: 0px; color: #424242; font-family: '&amp;quot','serif'; font-size: 11.5pt;\">Zdroj: https:\/\/drive.google.com\/file\/d\/1RNyH9cDBuEvt54Yi1PnUADDE8InOdUSm\/view<\/span><\/p>\n<p><span style=\"color: #000000; font-family: Calibri;\">\u00a0<\/span><br \/>\n[\/et_pb_text][\/et_pb_column][\/et_pb_row][\/et_pb_section]<\/p>\n","protected":false},"excerpt":{"rendered":"<p>Biskupov\u00e9 vyz\u00fdvaj\u00ed k\u00a0rychl\u00e9mu jedn\u00e1n\u00ed k\u00a0z\u00e1chran\u011b lidstva P\u0159edstavitel\u00e9 sdru\u017een\u00ed biskupsk\u00fdch konferenc\u00ed \u0161esti kontinent\u016f podepsali prohl\u00e1\u0161en\u00ed ur\u010den\u00e9 p\u0159edstavitel\u016fm vl\u00e1d st\u00e1t\u016f, v\u00a0n\u011bm\u017e je vyz\u00fdvaj\u00ed, aby uv\u00e1d\u011bli do praxe Pa\u0159\u00ed\u017eskou dohodu. Bezodkladn\u00e9 jedn\u00e1n\u00ed na v\u0161ech \u00farovn\u00edch 26. \u0159\u00edjna 2018 podepsali biskupov\u00e9 zastupuj\u00edc\u00ed biskupsk\u00e9 konference \u0161esti kontinent\u016f prohl\u00e1\u0161en\u00ed, v n\u011bm\u017e vyz\u00fdvaj\u00ed k okam\u017eit\u00e9mu odv\u00e1\u017en\u00e9mu jedn\u00e1n\u00ed, kter\u00e9 by \u010delilo ni\u010div\u00fdm \u00fa\u010dink\u016fm [&hellip;]<\/p>\n","protected":false},"author":1,"featured_media":249,"comment_status":"open","ping_status":"open","sticky":false,"template":"","format":"standard","meta":{"_et_pb_use_builder":"on","_et_pb_old_content":"","_et_gb_content_width":""},"categories":[5,4],"tags":[],"_links":{"self":[{"href":"https:\/\/www.zitlaudatosi.cz\/index.php\/wp-json\/wp\/v2\/posts\/248"}],"collection":[{"href":"https:\/\/www.zitlaudatosi.cz\/index.php\/wp-json\/wp\/v2\/posts"}],"about":[{"href":"https:\/\/www.zitlaudatosi.cz\/index.php\/wp-json\/wp\/v2\/types\/post"}],"author":[{"embeddable":true,"href":"https:\/\/www.zitlaudatosi.cz\/index.php\/wp-json\/wp\/v2\/users\/1"}],"replies":[{"embeddable":true,"href":"https:\/\/www.zitlaudatosi.cz\/index.php\/wp-json\/wp\/v2\/comments?post=248"}],"version-history":[{"count":16,"href":"https:\/\/www.zitlaudatosi.cz\/index.php\/wp-json\/wp\/v2\/posts\/248\/revisions"}],"predecessor-version":[{"id":1486,"href":"https:\/\/www.zitlaudatosi.cz\/index.php\/wp-json\/wp\/v2\/posts\/248\/revisions\/1486"}],"wp:featuredmedia":[{"embeddable":true,"href":"https:\/\/www.zitlaudatosi.cz\/index.php\/wp-json\/wp\/v2\/media\/249"}],"wp:attachment":[{"href":"https:\/\/www.zitlaudatosi.cz\/index.php\/wp-json\/wp\/v2\/media?parent=248"}],"wp:term":[{"taxonomy":"category","embeddable":true,"href":"https:\/\/www.zitlaudatosi.cz\/index.php\/wp-json\/wp\/v2\/categories?post=248"},{"taxonomy":"post_tag","embeddable":true,"href":"https:\/\/www.zitlaudatosi.cz\/index.php\/wp-json\/wp\/v2\/tags?post=248"}],"curies":[{"name":"wp","href":"https:\/\/api.w.org\/{rel}","templated":true}]}}