{"id":2327,"date":"2021-01-09T19:52:57","date_gmt":"2021-01-09T19:52:57","guid":{"rendered":"http:\/\/www.zitlaudatosi.cz\/?p=2327"},"modified":"2021-01-11T20:05:31","modified_gmt":"2021-01-11T20:05:31","slug":"ohlednuti-za-dobou-stvoreni-2020","status":"publish","type":"post","link":"https:\/\/www.zitlaudatosi.cz\/index.php\/2021\/01\/09\/ohlednuti-za-dobou-stvoreni-2020\/","title":{"rendered":"Ohl\u00e9dnut\u00ed za Dobou stvo\u0159en\u00ed 2020"},"content":{"rendered":"<p>[et_pb_section fb_built=&#8220;1&#8243; _builder_version=&#8220;3.21&#8243; custom_padding=&#8220;0|0px|0px|0px|false|false&#8220;][et_pb_row custom_padding=&#8220;36px|0px|0|0px|false|false&#8220; _builder_version=&#8220;3.0.48&#8243; background_size=&#8220;initial&#8220; background_position=&#8220;top_left&#8220; background_repeat=&#8220;repeat&#8220;][et_pb_column type=&#8220;4_4&#8243; _builder_version=&#8220;3.0.47&#8243;][et_pb_text _builder_version=&#8220;3.21&#8243; inline_fonts=&#8220;Trebuchet&#8220;]<\/p>\n<p style=\"text-align: center;\"><span style=\"font-size: x-large;\"><strong><span size=\"5\">Ohl\u00e9dnut\u00ed za Dobou stvo\u0159en\u00ed 2020 na Slov\u00e1cku<\/span><\/strong><\/span><\/p>\n<p><span style=\"color: #313132; font-size: 13.5pt;\"><\/span><\/p>\n<p>\u00bbKdy\u017e jsme v\u00a0na\u0161em spole\u010denstv\u00ed za\u010dali pl\u00e1novat oslavu Doby stvo\u0159en\u00ed, nebyli jsme si jist\u00ed, jak se vlastn\u011b chopit organizace a nem\u011bli jsme s\u00a0touto aktivitou v\u00a0na\u0161\u00ed c\u00edrkvi \u017e\u00e1dn\u00e9 zku\u0161enosti. Program z\u00e1\u0159iov\u00fdch ud\u00e1lost\u00ed vznikl pon\u011bkud spont\u00e1nn\u011b a byl na na\u0161e pom\u011bry docela bohat\u00fd. Napadla n\u00e1s my\u0161lenka pozvat kn\u011bze a biologa Marka V\u00e1chu, aby v\u00a0B\u0159eclavi slavil m\u0161i svatou za ekologick\u00e9 obr\u00e1cen\u00ed a p\u0159edn\u00e1\u0161ku na leto\u0161n\u00ed t\u00e9ma Doby stvo\u0159en\u00ed, kter\u00e9 bylo \u201eMilostiv\u00fd rok pro Zemi: Nov\u00e9 rytmy, nov\u00e1 nad\u011bje\u201c. Tenhle n\u00e1pad se n\u00e1m sice l\u00edbil, ale p\u0159ipadalo n\u00e1m nepravd\u011bpodobn\u00e9, \u017ee by mohl m\u00edt obl\u00edben\u00fd Orko prostor ve sv\u00e9m nabit\u00e9m di\u00e1\u0159i, aby p\u0159ijal na\u0161e pozv\u00e1n\u00ed. P\u0159\u00edtelkyn\u011b Jana poznamenala, \u017ee celkov\u011b jsou na\u0161e pl\u00e1ny ambici\u00f3zn\u00ed, a nem\u00e1me \u0161anci je v\u00a0na\u0161em nepo\u010detn\u00e9m spole\u010denstv\u00ed a v dob\u011b vinobran\u00ed, kdy je \u201ecel\u00e1 d\u011bdina ve vinohradu\u201c, organiza\u010dn\u011b zvl\u00e1dnout. M\u011bla pravdu.\u00ab<\/p>\n<p><span style=\"font-size: large;\"><span><\/span><\/span><\/p>\n<p>[\/et_pb_text][\/et_pb_column][\/et_pb_row][et_pb_row custom_padding=&#8220;0|0px|2px|0px|false|false&#8220; _builder_version=&#8220;3.21&#8243; background_size=&#8220;initial&#8220; background_position=&#8220;top_left&#8220; background_repeat=&#8220;repeat&#8220;][et_pb_column type=&#8220;3_5&#8243; _builder_version=&#8220;3.0.47&#8243;][et_pb_image src=&#8220;https:\/\/www.zitlaudatosi.cz\/wp-content\/uploads\/2021\/01\/4.jpg&#8220; _builder_version=&#8220;3.21&#8243;][\/et_pb_image][et_pb_text _builder_version=&#8220;3.21&#8243;][\/et_pb_text][\/et_pb_column][et_pb_column type=&#8220;2_5&#8243; _builder_version=&#8220;3.0.47&#8243;][et_pb_text _builder_version=&#8220;3.21&#8243;]<\/p>\n<p>\u00bbByla jsem z\u00a0organizov\u00e1n\u00ed nerv\u00f3zn\u00ed, nav\u00edc jsem dlouhodob\u011b poci\u0165ovala strach a smutek nad zni\u010den\u00fdm, um\u00edraj\u00edc\u00edm stvo\u0159en\u00fdm sv\u011btem a nad utrpen\u00edm lid\u00ed, kte\u0159\u00ed ve sv\u011bt\u011b u\u017e dnes nesou t\u00edhu klimatick\u00fdch zm\u011bn. R\u016fzn\u00ed lid\u00e9 mi d\u00e1vali r\u016fzn\u00e9 rady, n\u011bkte\u0159\u00ed to mysleli dob\u0159e, jin\u00ed d\u00e1vali rady nevy\u017e\u00e1dan\u00e9 a hodnotili m\u016fj vnit\u0159n\u00ed stav, jako bych byla \u0161patn\u00e1 k\u0159es\u0165anka bez nad\u011bje up\u00ednaj\u00edc\u00ed se k\u00a0pozemsk\u00e9mu sv\u011btu. P\u0159izn\u00e1v\u00e1m, \u017ee jsem \u010dasto v\u00a0poku\u0161en\u00ed br\u00e1t v\u011bci do vlastn\u00edch rukou a volit \u201esv\u011btsk\u00e9\u201c cesty pro z\u00e1chranu p\u0159\u00edrodn\u00edho sv\u011bta, ale d\u016fv\u011bru v\u00a0Boha a jeho v\u0161emohoucnost jsem, douf\u00e1m, nikdy neztratila.\u00ab<\/p>\n<p>[\/et_pb_text][\/et_pb_column][\/et_pb_row][et_pb_row custom_padding=&#8220;0|0px|36px|0px|false|false&#8220; _builder_version=&#8220;3.0.48&#8243; background_size=&#8220;initial&#8220; background_position=&#8220;top_left&#8220; background_repeat=&#8220;repeat&#8220;][et_pb_column type=&#8220;4_4&#8243; _builder_version=&#8220;3.0.47&#8243;][et_pb_text _builder_version=&#8220;3.21&#8243;]<\/p>\n<p>\u00bbV\u00edm, \u017ee sna\u017eit se zachr\u00e1nit sv\u011bt svou vlastn\u00ed silou je naivn\u00ed p\u0159edstava. Modlila jsem se proto modlitby pro dobu stvo\u0159en\u00ed, a usilovala o hlub\u0161\u00ed postoj odevzdanosti a radosti, kter\u00e9 mi p\u0159edev\u0161\u00edm chyb\u00ed. P\u0159es velkou snahu se mi radost, kterou jsem kdysi poci\u0165ovala, obnovit neda\u0159\u00ed, a tak\u00e9 vn\u00edm\u00e1m toto obdob\u00ed jako jednu z\u00a0nejv\u011bt\u0161\u00edch zkou\u0161ek v\u00a0m\u00e9m dosavadn\u00edm duchovn\u00edm \u017eivot\u011b. P\u0159esto mysl\u00edm, \u017ee jsem vol\u00e1na to \u017e\u00edt a rozru\u0161en\u00ed, kter\u00e9 v\u00a0sob\u011b kv\u016fli ni\u010den\u00ed p\u0159\u00edrodn\u00edho sv\u011bta a z\u00a0n\u011bj plynouc\u00edch d\u016fsledk\u016f pro bratry a sestry na\u0161\u00ed lidsk\u00e9 rodiny zakou\u0161\u00edm, nevn\u00edm\u00e1m jako nesvat\u00e9. Jen tu\u0161\u00edm, \u017ee se mus\u00edm st\u00e1le v\u00edce pokou\u0161et o o\u010di\u0161\u0165ov\u00e1n\u00ed sv\u00e9ho srdce, aby bylo odevzdan\u00e9 a rostla v\u00a0n\u011bm l\u00e1ska. B\u016fh je v\u0161emohouc\u00ed, a kdy\u017e k\u00a0n\u011bmu budu volat s\u00a0\u010dist\u00fdm srdcem a velkou d\u016fv\u011brou, teprve tehdy se m\u016f\u017eou d\u00edt prom\u011bny.\u00ab<\/p>\n<p>\u00bbN\u011bjakou z\u00e1hadou se stalo, \u017ee Marek V\u00e1cha potvrdil svou \u00fa\u010dast na na\u0161em programu, ud\u00e1losti se n\u00e1m poda\u0159ilo snadno napl\u00e1novat a v\u011bci \u0161ly celkov\u011b hladce. To bylo pro m\u011b potvrzen\u00edm, \u017ee n\u00e1m P\u00e1n \u017eehn\u00e1 a je mu mil\u00e1 na\u0161e touha oslavit Ho za jeho stvo\u0159en\u00ed. Krom\u011b V\u00e1chovy p\u0159edn\u00e1\u0161ky jsme b\u011bhem z\u00e1\u0159\u00ed uspo\u0159\u00e1dali n\u011bkolik bohoslu\u017eeb jako pod\u011bkov\u00e1n\u00ed i prosby za stvo\u0159en\u00fd sv\u011bt a setkali se u duchovn\u00ed poezie. Byla to pro m\u011b v\u0159el\u00e1 setk\u00e1n\u00ed, a p\u0159inesla mi \u00fa\u017eas nad Bohem stvo\u0159enou kr\u00e1sou, jej\u00ed\u017e obzor se mi postupn\u011b st\u00e1le v\u00edc otev\u00edr\u00e1. Tak\u00e9 v\u00edm, \u017ee na t\u00e9hle cest\u011b m\u00e1m b\u00fdt. Sice m\u011b bol\u00ed po n\u00ed j\u00edt a sama jsem si ji nevybrala, ale c\u00edt\u00edm, \u017ee i kdyby u\u017e pro zlomen\u00fd sv\u011bt nebyla lidsky vzato \u017e\u00e1dn\u00e1 nad\u011bje, v\u00a0Bohu nad\u011bje trv\u00e1, a to vede k\u00a0pokoji m\u00e9ho srdce.\u00ab<\/p>\n<ol start=\"6\">\n<li>1. 2021<\/li>\n<\/ol>\n<p>Veronika\u00a0<\/p>\n<p>[\/et_pb_text][\/et_pb_column][\/et_pb_row][\/et_pb_section]<\/p>\n","protected":false},"excerpt":{"rendered":"<p>Ohl\u00e9dnut\u00ed za Dobou stvo\u0159en\u00ed 2020 na Slov\u00e1cku \u00bbKdy\u017e jsme v\u00a0na\u0161em spole\u010denstv\u00ed za\u010dali pl\u00e1novat oslavu Doby stvo\u0159en\u00ed, nebyli jsme si jist\u00ed, jak se vlastn\u011b chopit organizace a nem\u011bli jsme s\u00a0touto aktivitou v\u00a0na\u0161\u00ed c\u00edrkvi \u017e\u00e1dn\u00e9 zku\u0161enosti. Program z\u00e1\u0159iov\u00fdch ud\u00e1lost\u00ed vznikl pon\u011bkud spont\u00e1nn\u011b a byl na na\u0161e pom\u011bry docela bohat\u00fd. Napadla n\u00e1s my\u0161lenka pozvat kn\u011bze a biologa Marka [&hellip;]<\/p>\n","protected":false},"author":1,"featured_media":2330,"comment_status":"open","ping_status":"open","sticky":false,"template":"","format":"standard","meta":{"_et_pb_use_builder":"on","_et_pb_old_content":"","_et_gb_content_width":""},"categories":[5,1],"tags":[],"_links":{"self":[{"href":"https:\/\/www.zitlaudatosi.cz\/index.php\/wp-json\/wp\/v2\/posts\/2327"}],"collection":[{"href":"https:\/\/www.zitlaudatosi.cz\/index.php\/wp-json\/wp\/v2\/posts"}],"about":[{"href":"https:\/\/www.zitlaudatosi.cz\/index.php\/wp-json\/wp\/v2\/types\/post"}],"author":[{"embeddable":true,"href":"https:\/\/www.zitlaudatosi.cz\/index.php\/wp-json\/wp\/v2\/users\/1"}],"replies":[{"embeddable":true,"href":"https:\/\/www.zitlaudatosi.cz\/index.php\/wp-json\/wp\/v2\/comments?post=2327"}],"version-history":[{"count":7,"href":"https:\/\/www.zitlaudatosi.cz\/index.php\/wp-json\/wp\/v2\/posts\/2327\/revisions"}],"predecessor-version":[{"id":2341,"href":"https:\/\/www.zitlaudatosi.cz\/index.php\/wp-json\/wp\/v2\/posts\/2327\/revisions\/2341"}],"wp:featuredmedia":[{"embeddable":true,"href":"https:\/\/www.zitlaudatosi.cz\/index.php\/wp-json\/wp\/v2\/media\/2330"}],"wp:attachment":[{"href":"https:\/\/www.zitlaudatosi.cz\/index.php\/wp-json\/wp\/v2\/media?parent=2327"}],"wp:term":[{"taxonomy":"category","embeddable":true,"href":"https:\/\/www.zitlaudatosi.cz\/index.php\/wp-json\/wp\/v2\/categories?post=2327"},{"taxonomy":"post_tag","embeddable":true,"href":"https:\/\/www.zitlaudatosi.cz\/index.php\/wp-json\/wp\/v2\/tags?post=2327"}],"curies":[{"name":"wp","href":"https:\/\/api.w.org\/{rel}","templated":true}]}}