{"id":2257,"date":"2019-06-13T22:10:11","date_gmt":"2019-06-13T22:10:11","guid":{"rendered":"http:\/\/www.zitlaudatosi.cz\/?p=2257"},"modified":"2020-10-11T22:20:23","modified_gmt":"2020-10-11T22:20:23","slug":"pripravujeme-se-na-biskupskou-synodu-o-amazonii","status":"publish","type":"post","link":"https:\/\/www.zitlaudatosi.cz\/index.php\/2019\/06\/13\/pripravujeme-se-na-biskupskou-synodu-o-amazonii\/","title":{"rendered":"P\u0159ipravujeme se na biskupskou synodu o Amazonii"},"content":{"rendered":"<p>[et_pb_section fb_built=&#8220;1&#8243; _builder_version=&#8220;3.21&#8243; custom_padding=&#8220;0|0px|0px|0px|false|false&#8220;][et_pb_row custom_padding=&#8220;36px|0px|0|0px|false|false&#8220; _builder_version=&#8220;3.0.48&#8243; background_size=&#8220;initial&#8220; background_position=&#8220;top_left&#8220; background_repeat=&#8220;repeat&#8220;][et_pb_column type=&#8220;4_4&#8243; _builder_version=&#8220;3.0.47&#8243;][et_pb_text _builder_version=&#8220;3.21&#8243; inline_fonts=&#8220;Trebuchet&#8220;]<\/p>\n<p><span style=\"font-size: x-large;\"><strong><span size=\"5\">P\u0159ipravujeme se na biskupskou synodu o Amazonii<\/span><\/strong><\/span><\/p>\n<p><span style=\"color: #313132; font-size: 13.5pt;\"><\/span><\/p>\n<p><span style=\"font-size: large;\">Amazonsk\u00e1 domorod\u00e1 spole\u010denstv\u00ed \u010del\u00ed ohro\u017een\u00ed ze strany nadn\u00e1rodn\u00edch korporac\u00ed a st\u00e1vaj\u00ed se ob\u011bt\u00ed industri\u00e1ln\u00edch z\u00e1jm\u016f. Proto\u017ee osud amazonsk\u00e9ho pralesa je \u00fazce sv\u00e1z\u00e1n s\u00a0osudem planety jako celku, t\u00fdk\u00e1 se to, zda domorod\u00e1 amazonsk\u00e1 spole\u010denstv\u00ed obh\u00e1j\u00ed sv\u016fj n\u00e1rok na oblasti, kter\u00e9 cht\u011bj\u00ed jin\u00ed otev\u0159\u00edt pro t\u011b\u017ebu, tak\u00e9 ka\u017ed\u00e9ho \u010dlov\u011bka na Zemi.\u00a0<\/span><span style=\"font-size: 18px;\">Pokud bude zni\u010deno a vyt\u011b\u017eeno p\u0159\u00edrodn\u00ed bohatstv\u00ed, kter\u00e9 se m\u00edstn\u00ed obyvatel\u00e9 sna\u017e\u00ed uchr\u00e1nit pro sv\u00e9 potomky, bude t\u00edm ztracen i posledn\u00ed zdroj p\u0159\u00edrodn\u00ed rozmanitosti a posledn\u00ed souvisl\u00fd p\u00e1s lesa, kter\u00fd chr\u00e1n\u00ed planetu p\u0159ed p\u0159eh\u0159\u00e1t\u00edm. Lid\u00e9, kte\u0159\u00ed v les\u00edch kolem \u0159eky \u017eij\u00ed, jsou za sou\u010dasn\u00e9 vl\u00e1dy fyzicky napad\u00e1ni a n\u00e1siln\u011b p\u0159esidlov\u00e1ni, aby se uvolnil prostor pro pr\u016fmyslovou t\u011b\u017ebu.<\/span><\/p>\n<p><span style=\"font-size: large;\"><span><\/span><\/span><\/p>\n<p>[\/et_pb_text][\/et_pb_column][\/et_pb_row][et_pb_row custom_padding=&#8220;0|0px|2px|0px|false|false&#8220; _builder_version=&#8220;3.0.48&#8243; background_size=&#8220;initial&#8220; background_position=&#8220;top_left&#8220; background_repeat=&#8220;repeat&#8220;][et_pb_column type=&#8220;3_5&#8243; _builder_version=&#8220;3.0.47&#8243;][et_pb_image src=&#8220;https:\/\/www.zitlaudatosi.cz\/wp-content\/uploads\/2019\/09\/2019-04-16-2-2.jpg&#8220; _builder_version=&#8220;3.21&#8243;][\/et_pb_image][et_pb_text _builder_version=&#8220;3.21&#8243;][\/et_pb_text][\/et_pb_column][et_pb_column type=&#8220;2_5&#8243; _builder_version=&#8220;3.0.47&#8243;][et_pb_text _builder_version=&#8220;3.21&#8243;]<\/p>\n<p><span style=\"font-size: large;\">I proto svolal pape\u017e Franti\u0161ek na \u0159\u00edjen 2019 celosv\u011btovou biskupskou synodu v\u011bnovanou Amazonii, aby se tak katolick\u00e1 c\u00edrkev stala hlasem h\u00e1j\u00edc\u00edm pr\u00e1va amazonsk\u00fdch chud\u00fdch, a\u00a0c\u00edrkev se na ni nyn\u00ed na nejr\u016fzn\u011bj\u0161\u00edch \u00farovn\u00edch p\u0159ipravuje. Do p\u0159\u00edprav se zapojilo i m\u00edstn\u00ed spole\u010denstv\u00ed \u017d\u00edt Laudato si&#8216; v Praze Kobylis\u00edch.<\/span><\/p>\n<p>[\/et_pb_text][\/et_pb_column][\/et_pb_row][et_pb_row custom_padding=&#8220;0|0px|36px|0px|false|false&#8220; _builder_version=&#8220;3.0.48&#8243; background_size=&#8220;initial&#8220; background_position=&#8220;top_left&#8220; background_repeat=&#8220;repeat&#8220;][et_pb_column type=&#8220;4_4&#8243; _builder_version=&#8220;3.0.47&#8243;][et_pb_text _builder_version=&#8220;3.21&#8243;]<\/p>\n<p><span style=\"font-size: large;\">P\u0159i pravideln\u00e9m setk\u00e1n\u00ed v p\u0159edvelikono\u010dn\u00edm t\u00fddnu jsme sd\u00edleli informace o osudu lid\u00ed \u017eij\u00edc\u00edch v Amazonii a o pr\u016fb\u011bhu p\u0159\u00edprav na biskupskou synodu a propojili jsme svou farnost a zemi s\u00a0t\u00edmto\u00a0celosv\u011btov\u00fdm \u00fasil\u00edm modlitbou. Vedle Nicejsko-ca\u0159ihradsk\u00e9ho vyzn\u00e1n\u00ed v\u00edry jsme vyu\u017eili modlitby z\u00a0encykliky\u00a0<em>Laudato si\u2018<\/em>a tak\u00e9 modlitbu, kterou zapsala sestra Teresita Weind z\u00a0kongregace Sester Notre Dame de Namur, k\u00a0n\u00ed\u017e pat\u0159ila i sestra Dorothy Stang zvan\u00e1 \u201eMu\u010dednice Amazonie\u201c. Ta byla v\u00a0roce 2005 zavra\u017ed\u011bna proto, \u017ee h\u00e1jila lidsk\u00e1 a pozemkov\u00e1 pr\u00e1va domorod\u00fdch obyvatel Amazonie proti t\u011b\u017eebn\u00edm spole\u010dnostem a\u00a0velkostatk\u00e1\u0159\u016fm. Ve spole\u010denstv\u00ed s\u00a0n\u00ed, s\u00a0c\u00edrkv\u00ed bojuj\u00edc\u00ed a v\u00edt\u011bznou a tak\u00e9 s\u00a0domorod\u00fdmi spole\u010denstv\u00edmi Amazonie jsme\u00a0prosili o uzdraven\u00ed a Bo\u017e\u00ed pokoj pro c\u00edrkev a sv\u011bt.<\/span><\/p>\n<p>[\/et_pb_text][\/et_pb_column][\/et_pb_row][\/et_pb_section]<\/p>\n","protected":false},"excerpt":{"rendered":"<p>P\u0159ipravujeme se na biskupskou synodu o Amazonii Amazonsk\u00e1 domorod\u00e1 spole\u010denstv\u00ed \u010del\u00ed ohro\u017een\u00ed ze strany nadn\u00e1rodn\u00edch korporac\u00ed a st\u00e1vaj\u00ed se ob\u011bt\u00ed industri\u00e1ln\u00edch z\u00e1jm\u016f. Proto\u017ee osud amazonsk\u00e9ho pralesa je \u00fazce sv\u00e1z\u00e1n s\u00a0osudem planety jako celku, t\u00fdk\u00e1 se to, zda domorod\u00e1 amazonsk\u00e1 spole\u010denstv\u00ed obh\u00e1j\u00ed sv\u016fj n\u00e1rok na oblasti, kter\u00e9 cht\u011bj\u00ed jin\u00ed otev\u0159\u00edt pro t\u011b\u017ebu, tak\u00e9 ka\u017ed\u00e9ho \u010dlov\u011bka na [&hellip;]<\/p>\n","protected":false},"author":1,"featured_media":1310,"comment_status":"open","ping_status":"open","sticky":false,"template":"","format":"standard","meta":{"_et_pb_use_builder":"on","_et_pb_old_content":"","_et_gb_content_width":""},"categories":[5,9,1],"tags":[],"_links":{"self":[{"href":"https:\/\/www.zitlaudatosi.cz\/index.php\/wp-json\/wp\/v2\/posts\/2257"}],"collection":[{"href":"https:\/\/www.zitlaudatosi.cz\/index.php\/wp-json\/wp\/v2\/posts"}],"about":[{"href":"https:\/\/www.zitlaudatosi.cz\/index.php\/wp-json\/wp\/v2\/types\/post"}],"author":[{"embeddable":true,"href":"https:\/\/www.zitlaudatosi.cz\/index.php\/wp-json\/wp\/v2\/users\/1"}],"replies":[{"embeddable":true,"href":"https:\/\/www.zitlaudatosi.cz\/index.php\/wp-json\/wp\/v2\/comments?post=2257"}],"version-history":[{"count":5,"href":"https:\/\/www.zitlaudatosi.cz\/index.php\/wp-json\/wp\/v2\/posts\/2257\/revisions"}],"predecessor-version":[{"id":2265,"href":"https:\/\/www.zitlaudatosi.cz\/index.php\/wp-json\/wp\/v2\/posts\/2257\/revisions\/2265"}],"wp:featuredmedia":[{"embeddable":true,"href":"https:\/\/www.zitlaudatosi.cz\/index.php\/wp-json\/wp\/v2\/media\/1310"}],"wp:attachment":[{"href":"https:\/\/www.zitlaudatosi.cz\/index.php\/wp-json\/wp\/v2\/media?parent=2257"}],"wp:term":[{"taxonomy":"category","embeddable":true,"href":"https:\/\/www.zitlaudatosi.cz\/index.php\/wp-json\/wp\/v2\/categories?post=2257"},{"taxonomy":"post_tag","embeddable":true,"href":"https:\/\/www.zitlaudatosi.cz\/index.php\/wp-json\/wp\/v2\/tags?post=2257"}],"curies":[{"name":"wp","href":"https:\/\/api.w.org\/{rel}","templated":true}]}}