{"id":2231,"date":"2020-09-30T19:51:01","date_gmt":"2020-09-30T19:51:01","guid":{"rendered":"http:\/\/www.zitlaudatosi.cz\/?p=2231"},"modified":"2020-10-12T08:42:33","modified_gmt":"2020-10-12T08:42:33","slug":"prosili-jsme-o-obnovu-sveta","status":"publish","type":"post","link":"https:\/\/www.zitlaudatosi.cz\/index.php\/2020\/09\/30\/prosili-jsme-o-obnovu-sveta\/","title":{"rendered":"Prosili jsme o obnovu stvo\u0159en\u00e9ho sv\u011bta"},"content":{"rendered":"<p>[et_pb_section fb_built=&#8220;1&#8243; _builder_version=&#8220;3.21&#8243; custom_padding=&#8220;0|0px|0px|0px|false|false&#8220;][et_pb_row custom_padding=&#8220;36px|0px|0|0px|false|false&#8220; _builder_version=&#8220;3.0.48&#8243; background_size=&#8220;initial&#8220; background_position=&#8220;top_left&#8220; background_repeat=&#8220;repeat&#8220;][et_pb_column type=&#8220;4_4&#8243; _builder_version=&#8220;3.0.47&#8243;][et_pb_text _builder_version=&#8220;3.21&#8243; inline_fonts=&#8220;Trebuchet&#8220;]<\/p>\n<p><span size=\"5\" style=\"font-size: x-large;\">V Praze na Kl\u00e1rov\u011b jsme prosili o obnovu stvo\u0159en\u00e9ho sv\u011bta<\/span><\/p>\n<p><span style=\"color: #313132; font-size: 13.5pt;\"><\/span><\/p>\n<p><span style=\"color: #313132; font-size: 13.5pt;\">29. z\u00e1\u0159\u00ed jsme v Praze na Kl\u00e1rov\u011b slavili Ekumenickou bohoslu\u017ebu za obnovu stvo\u0159en\u00e9ho sv\u011bta. Byla to p\u0159\u00edle\u017eitost oslavit kon\u010d\u00edc\u00ed Dobu stvo\u0159en\u00ed 2020 a z\u00e1rove\u0148 doprovodit modlitbou tv\u016fr\u010d\u00ed festival klimatick\u00e9ho hnut\u00ed Extinction Rebellion, kter\u00fd pr\u00e1v\u011b v t\u011bch dnech v Praze prob\u00edhal. Bohoslu\u017ebu prov\u00e1zel P. Ladislav Hery\u00e1n.<\/span><\/p>\n<p>[\/et_pb_text][\/et_pb_column][\/et_pb_row][et_pb_row custom_padding=&#8220;0|0px|2px|0px|false|false&#8220; _builder_version=&#8220;3.0.48&#8243; background_size=&#8220;initial&#8220; background_position=&#8220;top_left&#8220; background_repeat=&#8220;repeat&#8220;][et_pb_column type=&#8220;4_4&#8243; _builder_version=&#8220;3.0.47&#8243;][et_pb_image src=&#8220;https:\/\/www.zitlaudatosi.cz\/wp-content\/uploads\/2020\/10\/29.-9.-2020.jpg&#8220; _builder_version=&#8220;3.21&#8243;][\/et_pb_image][et_pb_text _builder_version=&#8220;3.21&#8243;][\/et_pb_text][\/et_pb_column][\/et_pb_row][et_pb_row custom_padding=&#8220;0|0px|36px|0px|false|false&#8220; _builder_version=&#8220;3.0.48&#8243; background_size=&#8220;initial&#8220; background_position=&#8220;top_left&#8220; background_repeat=&#8220;repeat&#8220;][et_pb_column type=&#8220;4_4&#8243; _builder_version=&#8220;3.0.47&#8243;][et_pb_text _builder_version=&#8220;3.21&#8243;]<\/p>\n<p><span style=\"font-size: large;\">Pr\u016fb\u011bh bohoslu\u017eby popisuje jeden z \u00fa\u010dastn\u00edk\u016f takto:<\/span><\/p>\n<p><span style=\"font-size: large;\">&#8222;P\u00edse\u0148 <em>Laudato si\u2018, o mi Signore<\/em> jsem zp\u00edval poprv\u00e9 v \u017eivot\u011b na Kl\u00e1rov\u011b v Praze mezi \u0159in\u010d\u00edc\u00edmi tramvajemi a bur\u00e1cen\u00edm proj\u00ed\u017ed\u011bj\u00edc\u00edch motorek. Bylo n\u00e1s asi patn\u00e1ct a slavili jsme ekumenickou bohoslu\u017ebu za obnovu stvo\u0159en\u00e9ho sv\u011bta.<\/span><\/p>\n<p><span style=\"font-size: large;\">Oslavovali jsme stvo\u0159en\u00ed a vyznali jsme svou vinu, \u201e\u017ee nut\u00edme Zemi, aby plodila v\u00edc, ne\u017e unese, a \u017ee jsme otroky toho cht\u00edt v\u00edc\u201c (cel\u00fd text bohoslu\u017eby <a href=\"https:\/\/www.zitlaudatosi.cz\/wp-content\/uploads\/2020\/10\/2020-09-29-Ekumenick\u00e1-bohoslu\u017eba-za-obnovu-stvo\u0159en\u00e9ho-sv\u011bta-texty.docx\">lze st\u00e1hnout zde<\/a>). Tuto vinu u\u017e m\u011bs\u00edce poci\u0165uji, ale \u010dasto mi chyb\u00ed odvaha a d\u016fv\u011bra. Zde na Kl\u00e1rov\u011b jsem v\u0161ak m\u00edsto bezradnosti poci\u0165oval radost a d\u016fv\u011bru.<\/span><\/p>\n<p><span style=\"font-size: large;\">B\u011bhem \u0161est\u00e9ho vym\u00edran\u00ed druh\u016f, kter\u00e9 je zp\u016fsobeno n\u00e1mi lidmi, odhalilo patn\u00e1ct lid\u00ed na palou\u010dku uprost\u0159ed Prahy p\u0159\u00edtomnost Boha, kter\u00fd v n\u00e1s d\u00fdch\u00e1, a kter\u00fd obnovuje \u017eivot. B\u011bhem klimatick\u00e9 krize a bl\u00ed\u017e\u00edc\u00edch se <a href=\"https:\/\/www.nature.com\/articles\/d41586-019-03595-0\">bodu zvrat\u016f<\/a>, kdy \u010dasto zapom\u00edn\u00e1me na Boha, si patn\u00e1ct lid\u00ed na palou\u010dku uprost\u0159ed Prahy p\u0159ipomn\u011blo, \u017ee B\u016fh m\u00e1 nastavenou ruku a \u201ed\u00e1v\u00e1 n\u00e1m v prav\u00fd \u010das pokrm\u201c (\u017dalm 104).<\/span><\/p>\n<p><span style=\"font-size: large;\">Tuto posledn\u00ed v\u011btu jsem ch\u00e1pal tak, \u017ee i my se m\u016f\u017eeme st\u00e1t t\u00edm pokrmem a \u201ev prav\u00fd \u010das\u201c ud\u011blat pot\u0159ebn\u00e9 pro stvo\u0159en\u00ed. A hlavn\u011b \u017ee se nemus\u00edme b\u00e1t, \u017ee n\u00e1m nebudou sta\u010dit s\u00edly, \u017ee n\u00e1s otup\u00ed zpr\u00e1vy v m\u00e9di\u00edch, \u017ee nedok\u00e1\u017eeme zastavit v\u0161echny ty budouc\u00ed p\u0159ehrady, \u0159eky pesticid\u016f \u010di nov\u00e9 atomov\u00e9 elektr\u00e1rny.<\/span><\/p>\n<p><span style=\"font-size: large;\">Pokud budeme dost vn\u00edmav\u00ed a otev\u0159en\u00ed a propojen\u00ed v srdc\u00edch i v modlitb\u00e1ch s cel\u00fdm stvo\u0159en\u00edm, a tedy i s na\u0161imi spoluob\u010dany v t\u00e9to zemi, B\u016fh n\u00e1s \u201eobej[me] svou n\u011bhou\u201c a \u201evylij[e] na n\u00e1s s\u00edlu sv\u00e9 l\u00e1sky, abychom chr\u00e1nili \u017eivot a kr\u00e1su\u201c.<\/span><\/p>\n<p><span style=\"font-size: large;\">O kr\u00e1se mluvil v k\u00e1z\u00e1n\u00ed i P. Ladislav Hery\u00e1n, kter\u00fd ekumenickou bohoslu\u017ebu doprov\u00e1zel.\u00a0 \u0158ekl mimo jin\u00e9, \u017ee <em>Je\u017e\u00ed\u0161 je b\u00e1sn\u00edk<\/em>, proto\u017ee jedin\u011b b\u00e1sn\u00edk m\u016f\u017ee b\u00fdt tak vn\u00edmav\u00fd ke kr\u00e1se a tajemstv\u00ed stvo\u0159en\u00ed. Byl to \u017eiv\u00fd obraz, kter\u00fd si budu pamatovat.<\/span><\/p>\n<p><span style=\"font-size: large;\">Patn\u00e1ct lid\u00ed, kte\u0159\u00ed se v\u011bt\u0161inou neznali, se po 45 minut\u00e1ch op\u011bt roze\u0161li. Ale v\u011b\u0159\u00edm, \u017ee jako j\u00e1 poc\u00edtili, \u017ee bylo zasazeno sem\u00ednko, kter\u00e9 bude kl\u00ed\u010dit a posilovat, \u017ee spolu ochr\u00e1n\u00edme \u017eivot a kr\u00e1su.&#8220;<\/span><\/p>\n<p><span style=\"font-size: large;\">\u00a0<\/span><\/p>\n<p><span style=\"font-size: large;\">Radek H\u00fdl, 10. 10. 2020<\/span><\/p>\n<p>[\/et_pb_text][\/et_pb_column][\/et_pb_row][\/et_pb_section]<\/p>\n","protected":false},"excerpt":{"rendered":"<p>V Praze na Kl\u00e1rov\u011b jsme prosili o obnovu stvo\u0159en\u00e9ho sv\u011bta 29. z\u00e1\u0159\u00ed jsme v Praze na Kl\u00e1rov\u011b slavili Ekumenickou bohoslu\u017ebu za obnovu stvo\u0159en\u00e9ho sv\u011bta. Byla to p\u0159\u00edle\u017eitost oslavit kon\u010d\u00edc\u00ed Dobu stvo\u0159en\u00ed 2020 a z\u00e1rove\u0148 doprovodit modlitbou tv\u016fr\u010d\u00ed festival klimatick\u00e9ho hnut\u00ed Extinction Rebellion, kter\u00fd pr\u00e1v\u011b v t\u011bch dnech v Praze prob\u00edhal. Bohoslu\u017ebu prov\u00e1zel P. Ladislav Hery\u00e1n.Pr\u016fb\u011bh [&hellip;]<\/p>\n","protected":false},"author":1,"featured_media":2234,"comment_status":"open","ping_status":"open","sticky":false,"template":"","format":"standard","meta":{"_et_pb_use_builder":"on","_et_pb_old_content":"","_et_gb_content_width":""},"categories":[5,1,6],"tags":[],"_links":{"self":[{"href":"https:\/\/www.zitlaudatosi.cz\/index.php\/wp-json\/wp\/v2\/posts\/2231"}],"collection":[{"href":"https:\/\/www.zitlaudatosi.cz\/index.php\/wp-json\/wp\/v2\/posts"}],"about":[{"href":"https:\/\/www.zitlaudatosi.cz\/index.php\/wp-json\/wp\/v2\/types\/post"}],"author":[{"embeddable":true,"href":"https:\/\/www.zitlaudatosi.cz\/index.php\/wp-json\/wp\/v2\/users\/1"}],"replies":[{"embeddable":true,"href":"https:\/\/www.zitlaudatosi.cz\/index.php\/wp-json\/wp\/v2\/comments?post=2231"}],"version-history":[{"count":14,"href":"https:\/\/www.zitlaudatosi.cz\/index.php\/wp-json\/wp\/v2\/posts\/2231\/revisions"}],"predecessor-version":[{"id":2253,"href":"https:\/\/www.zitlaudatosi.cz\/index.php\/wp-json\/wp\/v2\/posts\/2231\/revisions\/2253"}],"wp:featuredmedia":[{"embeddable":true,"href":"https:\/\/www.zitlaudatosi.cz\/index.php\/wp-json\/wp\/v2\/media\/2234"}],"wp:attachment":[{"href":"https:\/\/www.zitlaudatosi.cz\/index.php\/wp-json\/wp\/v2\/media?parent=2231"}],"wp:term":[{"taxonomy":"category","embeddable":true,"href":"https:\/\/www.zitlaudatosi.cz\/index.php\/wp-json\/wp\/v2\/categories?post=2231"},{"taxonomy":"post_tag","embeddable":true,"href":"https:\/\/www.zitlaudatosi.cz\/index.php\/wp-json\/wp\/v2\/tags?post=2231"}],"curies":[{"name":"wp","href":"https:\/\/api.w.org\/{rel}","templated":true}]}}