{"id":2211,"date":"2020-10-11T17:18:06","date_gmt":"2020-10-11T17:18:06","guid":{"rendered":"http:\/\/www.zitlaudatosi.cz\/?p=2211"},"modified":"2020-10-12T20:37:43","modified_gmt":"2020-10-12T20:37:43","slug":"papez-vyzval-k-stazeni-investici-z-firem-ktere-se-nezavazaly-k-peci-o-zivotni-prostredi","status":"publish","type":"post","link":"https:\/\/www.zitlaudatosi.cz\/index.php\/2020\/10\/11\/papez-vyzval-k-stazeni-investici-z-firem-ktere-se-nezavazaly-k-peci-o-zivotni-prostredi\/","title":{"rendered":"Pape\u017e vyzval k sta\u017een\u00ed investic z firem, kter\u00e9 nepe\u010duj\u00ed o p\u0159\u00edrodu"},"content":{"rendered":"<p>[et_pb_section fb_built=&#8220;1&#8243; _builder_version=&#8220;3.21&#8243; custom_padding=&#8220;0|0px|0px|0px|false|false&#8220;][et_pb_row custom_padding=&#8220;36px|0px|0|0px|false|false&#8220; _builder_version=&#8220;3.0.48&#8243; background_size=&#8220;initial&#8220; background_position=&#8220;top_left&#8220; background_repeat=&#8220;repeat&#8220;][et_pb_column type=&#8220;4_4&#8243; _builder_version=&#8220;3.0.47&#8243;][et_pb_text _builder_version=&#8220;3.21&#8243; inline_fonts=&#8220;Trebuchet&#8220;]<\/p>\n<p><span style=\"font-size: x-large;\">St\u00e1hn\u011bte sv\u00e9 investice z\u00a0firem, kter\u00e9 se nezav\u00e1zaly k\u00a0ochran\u011b \u017eivotn\u00edho prost\u0159ed\u00ed, \u0159\u00edk\u00e1 pape\u017e<\/span><\/p>\n<p style=\"margin: 0cm; vertical-align: baseline;\"><span style=\"font-size: 13.5pt; color: #313132;\">VATIK\u00c1N (Reuters) \u2013 V sobotu pape\u017e Franti\u0161ek vyzval v\u0161echny lidi, aby st\u00e1hli sv\u00e9 investice z firem, kter\u00e9 se nezav\u00e1zaly k ochran\u011b \u017eivotn\u00edho prost\u0159ed\u00ed, a t\u00edm se p\u0159ipojil k hlas\u016fm volaj\u00edc\u00edm po tom, aby ekonomick\u00fd model, kter\u00fd vznikne z krize b\u011bhem pandemie COVID-19, byl udr\u017eiteln\u00fd. <\/span><span style=\"color: #313132; font-size: 13.5pt;\">\u0158ekl to ve video poselstv\u00ed pro online ud\u00e1lost nazvanou \u201e<a href=\"https:\/\/countdown.ted.com\/global-launch\/program\">Countdown Global Launch, A Call to Action on Climate Change<\/a>\u201c (Celosv\u011btov\u00e9 spu\u0161t\u011bn\u00ed odpo\u010dtu, vol\u00e1n\u00ed k\u00a0jedn\u00e1n\u00ed ohledn\u011b klimatick\u00e9 zm\u011bny).<\/span><\/p>\n<p>[\/et_pb_text][\/et_pb_column][\/et_pb_row][et_pb_row custom_padding=&#8220;22px|0px|20px|0px|false|false&#8220; _builder_version=&#8220;3.0.48&#8243; background_size=&#8220;initial&#8220; background_position=&#8220;top_left&#8220; background_repeat=&#8220;repeat&#8220;][et_pb_column type=&#8220;3_5&#8243; _builder_version=&#8220;3.0.47&#8243;][et_pb_image src=&#8220;https:\/\/www.zitlaudatosi.cz\/wp-content\/uploads\/2020\/10\/Pope-Francis-speaks-during-a-meeting-with-the-Committee-of-Experts-of-the-Council-of-Europe-at-the-Vatican-October-8-2020.jpg&#8220; _builder_version=&#8220;3.21&#8243;][\/et_pb_image][\/et_pb_column][et_pb_column type=&#8220;2_5&#8243; _builder_version=&#8220;3.0.47&#8243;][et_pb_text _builder_version=&#8220;3.21&#8243;]<\/p>\n<p style=\"margin: 0cm; vertical-align: baseline;\"><span style=\"font-size: 13.5pt; color: #313132;\">\u201eV\u011bda n\u00e1m \u0159\u00edk\u00e1 ka\u017ed\u00fd den p\u0159esn\u011bji, \u017ee mus\u00edme jednat rychle, &#8230; m\u00e1me-li m\u00edt n\u011bjakou nad\u011bji na to, \u017ee p\u0159edejdeme radik\u00e1ln\u00ed a katastrofick\u00e9 klimatick\u00e9 zm\u011bn\u011b,\u201c \u0159ekl. Pape\u017e zm\u00ednil t\u0159i kl\u00ed\u010dov\u00e9 okruhy jedn\u00e1n\u00ed: lep\u0161\u00ed vzd\u011bl\u00e1v\u00e1n\u00ed ohledn\u011b \u017eivotn\u00edho prost\u0159ed\u00ed, udr\u017eiteln\u00e9 zem\u011bd\u011blstv\u00ed spolu s p\u0159\u00edstupem k \u010dist\u00e9 vod\u011b a odklon od fosiln\u00edch paliv.<\/span><\/p>\n<p>[\/et_pb_text][\/et_pb_column][\/et_pb_row][et_pb_row custom_padding=&#8220;0|0px|36px|0px|false|false&#8220; _builder_version=&#8220;3.0.48&#8243; background_size=&#8220;initial&#8220; background_position=&#8220;top_left&#8220; background_repeat=&#8220;repeat&#8220;][et_pb_column type=&#8220;4_4&#8243; _builder_version=&#8220;3.0.47&#8243;][et_pb_text _builder_version=&#8220;3.21&#8243;]<\/p>\n<p style=\"margin: 0cm; vertical-align: baseline;\"><span style=\"color: #313132; font-size: 13.5pt;\">\u201eJeden zp\u016fsob, jak tuto zm\u011bnu podporovat, je zam\u011b\u0159ovat firmy k\u00a0nal\u00e9hav\u00e9 pot\u0159eb\u011b zav\u00e1zat se k\u00a0integr\u00e1ln\u00ed p\u00e9\u010di o n\u00e1\u0161 spole\u010dn\u00fd domov t\u00edm, \u017ee vylou\u010d\u00edme investice do firem, kter\u00e9 tyto parametry nespl\u0148uj\u00ed &#8230; a budeme odm\u011b\u0148ovat ty, kter\u00e9 to d\u011blaj\u00ed,\u201c \u0159ekl.\u00a0<\/span><span style=\"color: #313132; font-size: 13.5pt;\">\u0158ekl, \u017ee v d\u016fsledku pandemie COVID-19 se pot\u0159eba v\u011bnovat pozornost klimatick\u00e9 krizi a souvisej\u00edc\u00edm soci\u00e1ln\u00edm probl\u00e9m\u016fm stala je\u0161t\u011b nal\u00e9hav\u011bj\u0161\u00ed.<\/span><\/p>\n<p style=\"margin: 0cm; vertical-align: baseline;\"><span style=\"font-size: 13.5pt; color: #313132;\">\u201eSou\u010dasn\u00fd ekonomick\u00fd syst\u00e9m je neudr\u017eiteln\u00fd. Stoj\u00edme p\u0159ed mor\u00e1ln\u00edm imperativem &#8230; znovu promyslet mnoho v\u011bc\u00ed,\u201c \u0159ekl, p\u0159i\u010dem\u017e v\u00fdslovn\u011b uvedl v\u00fdrobn\u00ed prost\u0159edky, konzumerismus, pl\u00fdtv\u00e1n\u00ed, lhostejnost k\u00a0chud\u00fdm a \u0161kodliv\u00e9 zdroje energie.<o:p><\/o:p><\/span><\/p>\n<p style=\"margin: 0cm; vertical-align: baseline;\"><span style=\"font-size: 13.5pt; color: #313132;\">Ji\u017e v\u00a0\u010dervnu vatik\u00e1nsk\u00fd dokument nal\u00e9hav\u011b vyz\u00fdval katol\u00edky, aby st\u00e1hli investice ze zbrojn\u00edho pr\u016fmyslu a z\u00a0projekt\u016f t\u011b\u017eby a spalov\u00e1n\u00ed fosiln\u00edch paliv a aby sledovali firmy nap\u0159\u00edklad v\u00a0t\u011b\u017eebn\u00edm odv\u011btv\u00ed, zda nepo\u0161kozuj\u00ed \u017eivotn\u00ed prost\u0159ed\u00ed.<o:p><\/o:p><\/span><\/p>\n<p style=\"margin: 0cm; vertical-align: baseline;\"><span style=\"font-size: 13.5pt; color: #313132;\"><span style=\"font-size: medium;\"><\/span><\/span><\/p>\n<p style=\"margin: 0cm; vertical-align: baseline;\"><span style=\"font-size: 13.5pt; color: #313132;\"><span style=\"font-size: medium;\"><\/span><\/span><\/p>\n<p style=\"margin: 0cm; vertical-align: baseline;\"><span style=\"font-size: 13.5pt; color: #313132;\"><span style=\"font-size: medium;\">Zdroj: https:\/\/mobile.reuters.com\/article\/amp\/idUSKBN26W034<\/span><o:p><\/o:p><\/span><\/p>\n<p>[\/et_pb_text][\/et_pb_column][\/et_pb_row][\/et_pb_section]<\/p>\n","protected":false},"excerpt":{"rendered":"<p>St\u00e1hn\u011bte sv\u00e9 investice z\u00a0firem, kter\u00e9 se nezav\u00e1zaly k\u00a0ochran\u011b \u017eivotn\u00edho prost\u0159ed\u00ed, \u0159\u00edk\u00e1 pape\u017e VATIK\u00c1N (Reuters) \u2013 V sobotu pape\u017e Franti\u0161ek vyzval v\u0161echny lidi, aby st\u00e1hli sv\u00e9 investice z firem, kter\u00e9 se nezav\u00e1zaly k ochran\u011b \u017eivotn\u00edho prost\u0159ed\u00ed, a t\u00edm se p\u0159ipojil k hlas\u016fm volaj\u00edc\u00edm po tom, aby ekonomick\u00fd model, kter\u00fd vznikne z krize b\u011bhem pandemie COVID-19, byl [&hellip;]<\/p>\n","protected":false},"author":1,"featured_media":2215,"comment_status":"open","ping_status":"open","sticky":false,"template":"","format":"standard","meta":{"_et_pb_use_builder":"on","_et_pb_old_content":"","_et_gb_content_width":""},"categories":[5,4,8,14],"tags":[],"_links":{"self":[{"href":"https:\/\/www.zitlaudatosi.cz\/index.php\/wp-json\/wp\/v2\/posts\/2211"}],"collection":[{"href":"https:\/\/www.zitlaudatosi.cz\/index.php\/wp-json\/wp\/v2\/posts"}],"about":[{"href":"https:\/\/www.zitlaudatosi.cz\/index.php\/wp-json\/wp\/v2\/types\/post"}],"author":[{"embeddable":true,"href":"https:\/\/www.zitlaudatosi.cz\/index.php\/wp-json\/wp\/v2\/users\/1"}],"replies":[{"embeddable":true,"href":"https:\/\/www.zitlaudatosi.cz\/index.php\/wp-json\/wp\/v2\/comments?post=2211"}],"version-history":[{"count":14,"href":"https:\/\/www.zitlaudatosi.cz\/index.php\/wp-json\/wp\/v2\/posts\/2211\/revisions"}],"predecessor-version":[{"id":2266,"href":"https:\/\/www.zitlaudatosi.cz\/index.php\/wp-json\/wp\/v2\/posts\/2211\/revisions\/2266"}],"wp:featuredmedia":[{"embeddable":true,"href":"https:\/\/www.zitlaudatosi.cz\/index.php\/wp-json\/wp\/v2\/media\/2215"}],"wp:attachment":[{"href":"https:\/\/www.zitlaudatosi.cz\/index.php\/wp-json\/wp\/v2\/media?parent=2211"}],"wp:term":[{"taxonomy":"category","embeddable":true,"href":"https:\/\/www.zitlaudatosi.cz\/index.php\/wp-json\/wp\/v2\/categories?post=2211"},{"taxonomy":"post_tag","embeddable":true,"href":"https:\/\/www.zitlaudatosi.cz\/index.php\/wp-json\/wp\/v2\/tags?post=2211"}],"curies":[{"name":"wp","href":"https:\/\/api.w.org\/{rel}","templated":true}]}}