{"id":1064,"date":"2019-05-17T10:58:10","date_gmt":"2019-05-17T10:58:10","guid":{"rendered":"http:\/\/www.zitlaudatosi.cz\/?p=1064"},"modified":"2019-11-25T15:30:13","modified_gmt":"2019-11-25T15:30:13","slug":"bolsonaro-vyhlazuje-budoucnost-lidstva","status":"publish","type":"post","link":"https:\/\/www.zitlaudatosi.cz\/index.php\/2019\/05\/17\/bolsonaro-vyhlazuje-budoucnost-lidstva\/","title":{"rendered":"Bolsonaro vyhlazuje budoucnost lidstva"},"content":{"rendered":"<p>[et_pb_section fb_built=&#8220;1&#8243; _builder_version=&#8220;3.21&#8243; custom_padding=&#8220;1px|0px|48px|0px|false|false&#8220;][et_pb_row _builder_version=&#8220;3.21&#8243;][et_pb_column type=&#8220;4_4&#8243; _builder_version=&#8220;3.21&#8243;][et_pb_text _builder_version=&#8220;3.21&#8243;]<\/p>\n<p><span style=\"font-size: 18pt;\"><strong><span style=\"margin: 0px; line-height: 115%; font-family: 'Arial','sans-serif';\"><span style=\"color: #000000;\">Brazilsk\u00fd prezident Bolsonaro vyhlazuje budoucnost<\/span><\/span><\/strong><\/span><\/p>\n<p>[\/et_pb_text][\/et_pb_column][\/et_pb_row][et_pb_row _builder_version=&#8220;3.21&#8243; collapsed=&#8220;off&#8220;][et_pb_column type=&#8220;3_5&#8243; _builder_version=&#8220;3.21&#8243;][et_pb_image src=&#8220;https:\/\/www.zitlaudatosi.cz\/wp-content\/uploads\/2019\/05\/2019-05-17-bolivia-drone.jpg&#8220; force_fullwidth=&#8220;on&#8220; _builder_version=&#8220;3.21&#8243;][\/et_pb_image][\/et_pb_column][et_pb_column type=&#8220;2_5&#8243; _builder_version=&#8220;3.21&#8243;][et_pb_text _builder_version=&#8220;3.21&#8243; inline_fonts=&#8220;Arial&#8220;]<\/p>\n<p><span style=\"font-family: Arial; font-size: small; font-weight: normal;\"><b><span style=\"margin: 0px;\"><span style=\"color: #000000;\">Minul\u00fd t\u00fdden vydalo osm b\u00fdval\u00fdch brazilsk\u00fdch ministr\u016f \u017eivotn\u00edho prost\u0159ed\u00ed varov\u00e1n\u00ed, \u017ee pravicov\u00e1 vl\u00e1da prezidenta Jaira Bolsonara systematicky ni\u010d\u00ed existuj\u00edc\u00ed brazilsk\u00e1 opat\u0159en\u00ed na ochranu \u017eivotn\u00edho prost\u0159ed\u00ed. Pravomoci ministerstva jsou podle nich omezov\u00e1ny a odles\u0148ov\u00e1n\u00ed Amazonie se op\u011bt roz\u0161i\u0159uje. Marina\u00a0Silva, kter\u00e1 byla ministryn\u00ed \u017eivotn\u00edho prost\u0159ed\u00ed za prezidenta Lula da Silva, prohl\u00e1sila, \u017ee Bolsonaro \u201evyhlazuje budoucnost\u201c.<\/span><\/span><\/b><\/span><\/p>\n<p>[\/et_pb_text][\/et_pb_column][\/et_pb_row][et_pb_row custom_padding=&#8220;3px|0px|24px|0px|false|false&#8220; _builder_version=&#8220;3.21&#8243;][et_pb_column type=&#8220;4_4&#8243; _builder_version=&#8220;3.21&#8243;][et_pb_text _builder_version=&#8220;3.21&#8243;]<\/p>\n<p><span style=\"margin: 0px; color: #424242; font-family: '&amp;quot','serif'; font-size: 11.5pt;\">Bolsonarova vl\u00e1da trv\u00e1 zat\u00edm n\u011bco m\u00e1lo p\u0159es \u010dty\u0159i m\u011bs\u00edce, ale jej\u00ed \u00fa\u010dinek je ni\u010div\u00fd. Publicista Alexander Zaitchik k\u00a0tomu \u0159\u00edk\u00e1:<\/span><\/p>\n<p><span style=\"margin: 0px; color: #424242; font-family: '&amp;quot','serif'; font-size: 11.5pt;\">\u201eV Amazonii nyn\u00ed prob\u00edh\u00e1 masivn\u00ed vlna protiz\u00e1konn\u00e9ho pronik\u00e1n\u00ed na chr\u00e1n\u011bn\u00e1 \u00fazem\u00ed. Lid\u00e9, kte\u0159\u00ed vedou podniky k\u00e1cen\u00ed les\u016f, dolov\u00e1n\u00ed nerost\u016f a \u017eivo\u010di\u0161n\u00e9 velkov\u00fdroby jsou povzbuzeni vl\u00e1dn\u00ed r\u00e9torikou, z\u00a0n\u00ed\u017e c\u00edt\u00ed, \u017ee z\u00e1kony nebudou prosazov\u00e1ny. \u00da\u0159ad\u016fm, kter\u00e9 v\u00a0minulosti dostaly pr\u00e1vo chr\u00e1nit to, co zb\u00fdv\u00e1 z\u00a0brazilsk\u00e9ho de\u0161tn\u00e9ho pralesa, jsou h\u00e1zeny klacky pod nohy. Nedost\u00e1vaj\u00ed dotace. Jsou p\u0159eskupov\u00e1ny a p\u0159e\u0159azov\u00e1ny pod nep\u0159\u00edzniv\u011b nalad\u011bn\u00e9 ministry.\u201c<\/span><\/p>\n<p><span style=\"margin: 0px; color: #424242; font-family: '&amp;quot','serif'; font-size: 11.5pt;\">Zaitchik uv\u00e1d\u00ed podrobnosti n\u011bkter\u00fdch \u00fa\u010dink\u016f Bolsonarovy vl\u00e1dy na \u00fa\u0159ady ochrany \u017eivotn\u00edho prost\u0159ed\u00ed a infrastrukturu. Brazilsk\u00fd \u00fa\u0159ad na ochranu \u017eivotn\u00edho prost\u0159ed\u00ed Ibama p\u0159i\u0161el o \u010dtvrtinu prost\u0159edk\u016f. V \u00da\u0159adu pro ochranu p\u0159\u00edrody ICMBO jsou zam\u011bstn\u00e1v\u00e1ni pravicov\u00ed policist\u00e9. V\u0161ichni v\u011bdci, kte\u0159\u00ed v\u00a0n\u011bm pracovali, byli propu\u0161t\u011bni. \u00da\u0159ad pro Indi\u00e1ny FUNAI, kter\u00fd m\u00e1 za \u00fakol podporovat brazilsk\u00e9 domorod\u00e9 obyvatelstvo, p\u0159i\u0161el o 90 % dotac\u00ed. Zaitchik dod\u00e1v\u00e1, \u017ee to, co se d\u011bje v\u00a0Braz\u00edlii, je podobn\u00e9 tomu, co se d\u011bje nyn\u00ed v\u00a0USA, kde \u201ev\u011bdeck\u00e1 komunita je pova\u017eov\u00e1na za sv\u00e9ho druhu nep\u0159\u00e1telskou s\u00edlu\u201c. <\/span><\/p>\n<p><span style=\"margin: 0px; color: #424242; font-family: '&amp;quot','serif'; font-size: 11.5pt;\">\u00daloha, ji\u017e v\u00a0ovliv\u0148ov\u00e1n\u00ed Bolsonarovy environment\u00e1ln\u00ed politiky hraje mezin\u00e1rodn\u00ed spole\u010denstv\u00ed, bude \u010d\u00edm d\u00e1l v\u00fdznamn\u011bj\u0161\u00ed, jako byla v\u00a0devades\u00e1t\u00fdch letech minul\u00e9ho stolet\u00ed, kdy brazilsk\u00e9 vojensk\u00e9 diktatury rozpoutaly odles\u0148ov\u00e1n\u00ed.<\/span><\/p>\n<p><span style=\"margin: 0px; color: #424242; font-family: '&amp;quot','serif'; font-size: 11.5pt;\">\u201eMnoho domorod\u00fdch v\u016fdc\u016f se st\u011bhuje do zahrani\u010d\u00ed a sna\u017e\u00ed se burcovat lidi, aby si v\u0161\u00edmali toho, co se d\u011bje, a setk\u00e1vaj\u00ed se s\u00a0vl\u00e1dn\u00edmi p\u0159edstaviteli. A vl\u00e1dy Asie, Evropy a Severn\u00ed Ameriky budou m\u00edt kl\u00ed\u010dovou \u00falohu zajistit, aby Bolsonarova politika nezlikvidovala dal\u0161\u00ed p\u011btinu pralesa,\u201c \u0159\u00edk\u00e1 Zaitchik. \u201ePodle v\u011bdc\u016f by dal\u0161\u00edch dvacet procent spustilo smy\u010dku zvanou <\/span><span style=\"margin: 0px; color: #424242; font-family: 'Times New Roman','serif'; font-size: 11.5pt;\">\u00bb<\/span><span style=\"margin: 0px; color: #424242; font-family: '&amp;quot','serif'; font-size: 11.5pt;\">dieback<\/span><span style=\"margin: 0px; color: #424242; font-family: 'Times New Roman','serif'; font-size: 11.5pt;\">\u00ab<\/span><span style=\"margin: 0px; color: #424242; font-family: '&amp;quot','serif'; font-size: 11.5pt;\">, v\u00a0n\u00ed\u017e se les prost\u011b zhrout\u00ed a jeho syst\u00e9my se d\u00e1l neudr\u017e\u00ed.\u201c<\/span><\/p>\n<p><span style=\"margin: 0px; color: #424242; font-family: '&amp;quot','serif'; font-size: 11.5pt;\">\u00a0<\/span><\/p>\n<p><span style=\"margin: 0px; color: #424242; font-family: '&amp;quot','serif'; font-size: 11.5pt;\">Zdroj: https:\/\/therealnews.com\/stories\/brazils-bolsonaro-exterminator-of-the-future<\/span><\/p>\n<p>[\/et_pb_text][\/et_pb_column][\/et_pb_row][\/et_pb_section]<\/p>\n","protected":false},"excerpt":{"rendered":"<p>Brazilsk\u00fd prezident Bolsonaro vyhlazuje budoucnostMinul\u00fd t\u00fdden vydalo osm b\u00fdval\u00fdch brazilsk\u00fdch ministr\u016f \u017eivotn\u00edho prost\u0159ed\u00ed varov\u00e1n\u00ed, \u017ee pravicov\u00e1 vl\u00e1da prezidenta Jaira Bolsonara systematicky ni\u010d\u00ed existuj\u00edc\u00ed brazilsk\u00e1 opat\u0159en\u00ed na ochranu \u017eivotn\u00edho prost\u0159ed\u00ed. Pravomoci ministerstva jsou podle nich omezov\u00e1ny a odles\u0148ov\u00e1n\u00ed Amazonie se op\u011bt roz\u0161i\u0159uje. Marina\u00a0Silva, kter\u00e1 byla ministryn\u00ed \u017eivotn\u00edho prost\u0159ed\u00ed za prezidenta Lula da Silva, prohl\u00e1sila, \u017ee Bolsonaro [&hellip;]<\/p>\n","protected":false},"author":1,"featured_media":1079,"comment_status":"open","ping_status":"open","sticky":false,"template":"","format":"standard","meta":{"_et_pb_use_builder":"on","_et_pb_old_content":"","_et_gb_content_width":""},"categories":[5,9,15,6],"tags":[],"_links":{"self":[{"href":"https:\/\/www.zitlaudatosi.cz\/index.php\/wp-json\/wp\/v2\/posts\/1064"}],"collection":[{"href":"https:\/\/www.zitlaudatosi.cz\/index.php\/wp-json\/wp\/v2\/posts"}],"about":[{"href":"https:\/\/www.zitlaudatosi.cz\/index.php\/wp-json\/wp\/v2\/types\/post"}],"author":[{"embeddable":true,"href":"https:\/\/www.zitlaudatosi.cz\/index.php\/wp-json\/wp\/v2\/users\/1"}],"replies":[{"embeddable":true,"href":"https:\/\/www.zitlaudatosi.cz\/index.php\/wp-json\/wp\/v2\/comments?post=1064"}],"version-history":[{"count":10,"href":"https:\/\/www.zitlaudatosi.cz\/index.php\/wp-json\/wp\/v2\/posts\/1064\/revisions"}],"predecessor-version":[{"id":1477,"href":"https:\/\/www.zitlaudatosi.cz\/index.php\/wp-json\/wp\/v2\/posts\/1064\/revisions\/1477"}],"wp:featuredmedia":[{"embeddable":true,"href":"https:\/\/www.zitlaudatosi.cz\/index.php\/wp-json\/wp\/v2\/media\/1079"}],"wp:attachment":[{"href":"https:\/\/www.zitlaudatosi.cz\/index.php\/wp-json\/wp\/v2\/media?parent=1064"}],"wp:term":[{"taxonomy":"category","embeddable":true,"href":"https:\/\/www.zitlaudatosi.cz\/index.php\/wp-json\/wp\/v2\/categories?post=1064"},{"taxonomy":"post_tag","embeddable":true,"href":"https:\/\/www.zitlaudatosi.cz\/index.php\/wp-json\/wp\/v2\/tags?post=1064"}],"curies":[{"name":"wp","href":"https:\/\/api.w.org\/{rel}","templated":true}]}}