{"id":1010,"date":"2019-03-22T08:16:24","date_gmt":"2019-03-22T08:16:24","guid":{"rendered":"http:\/\/www.zitlaudatosi.cz\/?p=1010"},"modified":"2019-11-25T15:31:02","modified_gmt":"2019-11-25T15:31:02","slug":"biskupska-konference-rakouska-divestovala","status":"publish","type":"post","link":"https:\/\/www.zitlaudatosi.cz\/index.php\/2019\/03\/22\/biskupska-konference-rakouska-divestovala\/","title":{"rendered":"Biskupsk\u00e1 konference Rakouska divestovala"},"content":{"rendered":"<p>[et_pb_section fb_built=&#8220;1&#8243; _builder_version=&#8220;3.21&#8243; custom_padding=&#8220;0|0px|48px|0px|false|false&#8220;][et_pb_row _builder_version=&#8220;3.21&#8243;][et_pb_column type=&#8220;4_4&#8243; _builder_version=&#8220;3.21&#8243;][et_pb_text _builder_version=&#8220;3.21&#8243;]<\/p>\n<p><span style=\"font-size: 18pt;\"><strong><span style=\"margin: 0px; line-height: 115%; font-family: 'Arial','sans-serif';\"><span style=\"color: #000000;\">Biskupsk\u00e1 konference Rakouska se zav\u00e1zala st\u00e1hnout ve\u0161ker\u00e9 investice z\u00a0fosiln\u00edch paliv<\/span><\/span><\/strong><\/span><\/p>\n<p>[\/et_pb_text][\/et_pb_column][\/et_pb_row][et_pb_row _builder_version=&#8220;3.21&#8243; collapsed=&#8220;off&#8220;][et_pb_column type=&#8220;3_5&#8243; _builder_version=&#8220;3.21&#8243;][et_pb_image src=&#8220;https:\/\/www.zitlaudatosi.cz\/wp-content\/uploads\/2019\/03\/2019-03-22-vienna-austria.jpg&#8220; force_fullwidth=&#8220;on&#8220; _builder_version=&#8220;3.21&#8243;][\/et_pb_image][\/et_pb_column][et_pb_column type=&#8220;2_5&#8243; _builder_version=&#8220;3.21&#8243;][et_pb_text _builder_version=&#8220;3.21&#8243;]<\/p>\n<p><span style=\"margin: 0px; line-height: 115%; font-family: 'Arial','sans-serif'; font-size: 12pt;\"><span style=\"color: #000000;\">Proto\u017ee klimatick\u00e1 zm\u011bna v\u00fdznamn\u011b ovliv\u0148uje dostupnost vody v\u00a0r\u016fzn\u00fdch \u010d\u00e1stech sv\u011bta, rozhodl kardin\u00e1l Christoph Sch\u00f6nborn, p\u0159edseda Biskupsk\u00e9 konference Rakouska, \u017ee jej\u00ed rozhodnut\u00ed st\u00e1hnout investice ze v\u0161ech podnik\u016f t\u011b\u017eby a v\u00fdroby fosiln\u00edch paliv ozn\u00e1m\u00ed 22. b\u0159ezna 2019 na <a href=\"https:\/\/cs.wikipedia.org\/wiki\/Sv\u011btov\u00fd_den_vody\">Mezin\u00e1rodn\u00ed den vody<\/a>. Rozhodnut\u00ed se t\u00fdk\u00e1 v\u0161ech investic Biskupsk\u00e9 konference Rakouska, v\u0161ech rakousk\u00fdch diec\u00e9z\u00ed i v\u0161ech jej\u00edch ostatn\u00edch instituc\u00ed.<\/span><\/span><\/p>\n<p>[\/et_pb_text][\/et_pb_column][\/et_pb_row][et_pb_row custom_padding=&#8220;3px|0px|24px|0px|false|false&#8220; _builder_version=&#8220;3.21&#8243;][et_pb_column type=&#8220;4_4&#8243; _builder_version=&#8220;3.21&#8243;][et_pb_text _builder_version=&#8220;3.21&#8243;]<\/p>\n<p><span style=\"margin: 0px; font-family: 'Times New Roman','serif'; font-size: 12pt;\"><span style=\"color: #000000;\">\u201ePodpisem divesti\u010dn\u00edho z\u00e1vazku, kter\u00fd vypracovalo Glob\u00e1ln\u00ed katolick\u00e9 klimatick\u00e9 hnut\u00ed (<a href=\"https:\/\/catholicclimatemovement.global\/\">GCCM<\/a>), se Biskupsk\u00e1 konference Rakouska p\u0159ipojuje ke glob\u00e1ln\u00edmu divesti\u010dn\u00edmu hnut\u00ed, do n\u011bho\u017e je zapojeno ji\u017e p\u0159es tis\u00edc instituc\u00ed. Je to prorock\u00fd krok, kter\u00fd d\u016fsledn\u011b sleduje nepopiratelnou pravdu, \u017ee sp\u00e1len\u00ed v\u0161ech zn\u00e1m\u00fdch z\u00e1sob fosiln\u00edch paliv n\u00e1s dovede do nemysliteln\u00e9 katastrofy,\u201c \u0159\u00edk\u00e1 Anja Appel, \u0159editelka \u00da\u0159adu pro koordinaci Biskupsk\u00e9 konference Rakouska (KOO). Jedn\u00e1 se o t\u0159et\u00ed biskupskou konferenci, kter\u00e1 ohl\u00e1sila odklon investic z\u00a0fosiln\u00edch paliv, po Irsku a Belgii.<\/span><\/span><\/p>\n<p><span style=\"margin: 0px; font-family: 'Times New Roman','serif'; font-size: 12pt;\"><span style=\"color: #000000;\">Z\u00e1vazek divestovat z\u00a0podnik\u016f t\u011b\u017eby a v\u00fdroby fosiln\u00edch paliv p\u0159ijalo ji\u017e v\u00edce ne\u017e 120 dal\u0161\u00edch katolick\u00fdch instituc\u00ed v\u010detn\u011b velk\u00fdch n\u011bmeck\u00fdch katolick\u00fdch bank. V\u00a0Rakousku, kde se ke katolictv\u00ed hl\u00e1s\u00ed polovina populace, p\u0159i\u0161el tento krok vz\u00e1p\u011bt\u00ed po vatik\u00e1nsk\u00e9 konferenci o c\u00edlech udr\u017eiteln\u00e9ho rozvoje OSN, kter\u00e9 zahrnuj\u00ed rychl\u00e9 jedn\u00e1n\u00ed vzhledem ke klimatick\u00e9 zm\u011bn\u011b, a navazuje na v\u00fdroky pape\u017ee Franti\u0161ka o vyu\u017e\u00edv\u00e1n\u00ed energie, zejm\u00e9na na jeho prohl\u00e1\u0161en\u00ed, \u017ee \u201ecivilizace pot\u0159ebuje vyu\u017e\u00edvat energii, ale vyu\u017e\u00edv\u00e1n\u00ed energii nesm\u00ed civilizaci zni\u010dit.\u201c A kardin\u00e1l Christoph Sch\u00f6nborn dod\u00e1v\u00e1, \u017ee \u201ec\u00edrkevn\u00ed finan\u010dn\u00ed prost\u0159edky nesm\u011bj\u00ed negativn\u011b ovliv\u0148ovat klima planety.\u201c<\/span><\/span><\/p>\n<p><span style=\"margin: 0px; color: #222222; font-family: '&amp;quot','serif'; font-size: 12pt;\">Tom\u00e1s Insua, v\u00fdkonn\u00fd \u0159editel Glob\u00e1ln\u00edho katolick\u00e9ho klimatick\u00e9ho hnut\u00ed, vyj\u00e1d\u0159il radost a \u0159ekl: \u201eRozhodnut\u00ed Biskupsk\u00e9 konference Rakouska divestovat z\u00a0fosiln\u00edch paliv je prorock\u00fd postoj pro klimatickou spravedlnost. Sv\u011btov\u00e9 katolick\u00e9 spole\u010denstv\u00ed se odv\u00e1\u017en\u011b uj\u00edm\u00e1 veden\u00ed v\u00a0ochrann\u011b zraniteln\u00fdch lid\u00ed, kte\u0159\u00ed nal\u00e9hav\u011b volaj\u00ed po zm\u011bn\u011b. M\u00e1me jen n\u011bkolik m\u00e1lo let na to, abychom sklonili oblouk emis\u00ed sklen\u00edkov\u00fdch plyn\u016f, a rakou\u0161t\u00ed biskupov\u00e9 ud\u011blali velik\u00fd krok spr\u00e1vn\u00fdm sm\u011brem.\u201c<\/span><\/p>\n<p><span style=\"margin: 0px; font-family: 'Times New Roman','serif'; font-size: 12pt;\"><span style=\"color: #000000;\">Anja Appel, \u0159editelka \u00da\u0159adu pro koordinaci Biskupsk\u00e9 konference Rakouska, \u0159\u00edk\u00e1: \u201eMy k\u0159es\u0165an\u00e9 a na\u0161e instituce m\u00e1me odpov\u011bdnost pe\u010dovat o stvo\u0159en\u00ed a usilovat o glob\u00e1ln\u00ed spravedlnost. Pat\u0159\u00edme mezi tu \u010d\u00e1st sv\u011btov\u00e9 populace, kter\u00e1 produkuje nejv\u00edc sklen\u00edkov\u00fdch plyn\u016f, a proto je p\u0159irozen\u00e9, \u017ee mus\u00edme bojovat proti jejich hlavn\u00ed p\u0159\u00ed\u010din\u011b, j\u00ed\u017e je vyu\u017e\u00edv\u00e1n\u00ed fosiln\u00edch paliv. Tento v\u00fdznamn\u00fd krok ukazuje, \u017ee Biskupsk\u00e1 konference Rakousko soustavn\u011b usiluje napl\u0148ovat c\u00edle Pa\u0159\u00ed\u017esk\u00e9 dohody.\u201c<\/span><\/span><\/p>\n<p><span style=\"margin: 0px; color: black; font-family: 'Times New Roman','serif'; font-size: 12pt;\">\u00a0<\/span><\/p>\n<p><span style=\"margin: 0px; font-family: 'Times New Roman','serif'; font-size: 11.5pt;\"><span style=\"color: #000000;\">Zdroje: <\/span><\/span><span style=\"margin: 0px; font-family: 'Times New Roman','serif';\"><a href=\"https:\/\/drive.google.com\/file\/d\/1k97Yhj0Ghq64hmAllXaEy1FSUBUhHS4b\/view\">https:\/\/drive.google.com\/file\/d\/1k97Yhj0Ghq64hmAllXaEy1FSUBUhHS4b\/view<\/a><\/span><\/p>\n<p><span style=\"margin: 0px; font-family: 'Times New Roman','serif'; font-size: 11.5pt;\"><a href=\"https:\/\/drive.google.com\/file\/d\/14MUsNaHRnKBoQqrFXsXo_DZwgOSLAXZx\/view\">https:\/\/drive.google.com\/file\/d\/14MUsNaHRnKBoQqrFXsXo_DZwgOSLAXZx\/view<\/a><\/span><\/p>\n<p>[\/et_pb_text][\/et_pb_column][\/et_pb_row][\/et_pb_section]<\/p>\n","protected":false},"excerpt":{"rendered":"<p>Biskupsk\u00e1 konference Rakouska se zav\u00e1zala st\u00e1hnout ve\u0161ker\u00e9 investice z\u00a0fosiln\u00edch palivProto\u017ee klimatick\u00e1 zm\u011bna v\u00fdznamn\u011b ovliv\u0148uje dostupnost vody v\u00a0r\u016fzn\u00fdch \u010d\u00e1stech sv\u011bta, rozhodl kardin\u00e1l Christoph Sch\u00f6nborn, p\u0159edseda Biskupsk\u00e9 konference Rakouska, \u017ee jej\u00ed rozhodnut\u00ed st\u00e1hnout investice ze v\u0161ech podnik\u016f t\u011b\u017eby a v\u00fdroby fosiln\u00edch paliv ozn\u00e1m\u00ed 22. b\u0159ezna 2019 na Mezin\u00e1rodn\u00ed den vody. Rozhodnut\u00ed se t\u00fdk\u00e1 v\u0161ech investic Biskupsk\u00e9 konference [&hellip;]<\/p>\n","protected":false},"author":1,"featured_media":1013,"comment_status":"open","ping_status":"open","sticky":false,"template":"","format":"standard","meta":{"_et_pb_use_builder":"on","_et_pb_old_content":"","_et_gb_content_width":""},"categories":[5,4,8],"tags":[],"_links":{"self":[{"href":"https:\/\/www.zitlaudatosi.cz\/index.php\/wp-json\/wp\/v2\/posts\/1010"}],"collection":[{"href":"https:\/\/www.zitlaudatosi.cz\/index.php\/wp-json\/wp\/v2\/posts"}],"about":[{"href":"https:\/\/www.zitlaudatosi.cz\/index.php\/wp-json\/wp\/v2\/types\/post"}],"author":[{"embeddable":true,"href":"https:\/\/www.zitlaudatosi.cz\/index.php\/wp-json\/wp\/v2\/users\/1"}],"replies":[{"embeddable":true,"href":"https:\/\/www.zitlaudatosi.cz\/index.php\/wp-json\/wp\/v2\/comments?post=1010"}],"version-history":[{"count":10,"href":"https:\/\/www.zitlaudatosi.cz\/index.php\/wp-json\/wp\/v2\/posts\/1010\/revisions"}],"predecessor-version":[{"id":1478,"href":"https:\/\/www.zitlaudatosi.cz\/index.php\/wp-json\/wp\/v2\/posts\/1010\/revisions\/1478"}],"wp:featuredmedia":[{"embeddable":true,"href":"https:\/\/www.zitlaudatosi.cz\/index.php\/wp-json\/wp\/v2\/media\/1013"}],"wp:attachment":[{"href":"https:\/\/www.zitlaudatosi.cz\/index.php\/wp-json\/wp\/v2\/media?parent=1010"}],"wp:term":[{"taxonomy":"category","embeddable":true,"href":"https:\/\/www.zitlaudatosi.cz\/index.php\/wp-json\/wp\/v2\/categories?post=1010"},{"taxonomy":"post_tag","embeddable":true,"href":"https:\/\/www.zitlaudatosi.cz\/index.php\/wp-json\/wp\/v2\/tags?post=1010"}],"curies":[{"name":"wp","href":"https:\/\/api.w.org\/{rel}","templated":true}]}}